{"id":78701,"date":"2026-01-29T15:57:03","date_gmt":"2026-01-29T14:57:03","guid":{"rendered":"https:\/\/www.stiftung-denkmal.de\/uncategorized\/prime-minister-of-romania-ilie-bolojan-pays-his-respects-at-the-memorial-and-visits-the-exhibition\/"},"modified":"2026-02-03T14:21:29","modified_gmt":"2026-02-03T13:21:29","slug":"prime-minister-of-romania-ilie-bolojan-pays-his-respects-at-the-memorial-and-visits-the-exhibition","status":"publish","type":"post","link":"https:\/\/www.stiftung-denkmal.de\/en\/latest-news\/prime-minister-of-romania-ilie-bolojan-pays-his-respects-at-the-memorial-and-visits-the-exhibition\/","title":{"rendered":"Prime Minister of Romania, Ilie Bolojan, pays his respects at the Memorial and visits the exhibition"},"content":{"rendered":"\t\t<div data-elementor-type=\"wp-post\" data-elementor-id=\"78701\" class=\"elementor elementor-78701 elementor-78686\" data-elementor-post-type=\"post\">\n\t\t\t\t\t\t<section class=\"elementor-section elementor-top-section elementor-element elementor-element-e10406a elementor-section-boxed elementor-section-height-default elementor-section-height-default\" data-id=\"e10406a\" data-element_type=\"section\" data-e-type=\"section\">\n\t\t\t\t\t\t<div class=\"elementor-container elementor-column-gap-default\">\n\t\t\t\t\t<div class=\"elementor-column elementor-col-100 elementor-top-column elementor-element elementor-element-34eacaf\" data-id=\"34eacaf\" data-element_type=\"column\" data-e-type=\"column\">\n\t\t\t<div class=\"elementor-widget-wrap elementor-element-populated\">\n\t\t\t\t\t\t<div class=\"elementor-element elementor-element-e721330 elementor-widget elementor-widget-text-editor\" data-id=\"e721330\" data-element_type=\"widget\" data-e-type=\"widget\" data-widget_type=\"text-editor.default\">\n\t\t\t\t<div class=\"elementor-widget-container\">\n\t\t\t\t\t\t\t\t\t<p>On 28 January 2026, Romanian Prime Minister Ilie Gavril Bolojan, accompanied by Romanian Ambassador Adriana St\u0103nescu, visited the Memorial to the Murdered Jews of Europe in Berlin. The director of the foundation, Uwe Neum\u00e4rker, welcomed the Prime Minister and his delegation. <\/p><p>The visit began with a guided tour of the four themed rooms in the Information Centre and ended with a wreath-laying ceremony in the field of stelae.<\/p>\t\t\t\t\t\t\t\t<\/div>\n\t\t\t\t<\/div>\n\t\t\t\t\t<\/div>\n\t\t<\/div>\n\t\t\t\t\t<\/div>\n\t\t<\/section>\n\t\t\t\t<section class=\"elementor-section elementor-top-section elementor-element elementor-element-9be037e elementor-section-boxed elementor-section-height-default elementor-section-height-default\" data-id=\"9be037e\" data-element_type=\"section\" data-e-type=\"section\">\n\t\t\t\t\t\t<div class=\"elementor-container elementor-column-gap-default\">\n\t\t\t\t\t<div class=\"elementor-column elementor-col-100 elementor-top-column elementor-element elementor-element-5bee44f\" data-id=\"5bee44f\" data-element_type=\"column\" data-e-type=\"column\">\n\t\t\t<div class=\"elementor-widget-wrap elementor-element-populated\">\n\t\t\t\t\t\t<div class=\"elementor-element elementor-element-31487db5 gallery-spacing-custom elementor-widget elementor-widget-image-gallery\" data-id=\"31487db5\" data-element_type=\"widget\" data-e-type=\"widget\" data-widget_type=\"image-gallery.default\">\n\t\t\t\t<div class=\"elementor-widget-container\">\n\t\t\t\t\t\t\t<div class=\"elementor-image-gallery\">\n\t\t\t<div id='gallery-1' class='gallery galleryid-78701 gallery-columns-3 gallery-size-medium'><figure class='gallery-item'>\n\t\t\t<div class='gallery-icon landscape'>\n\t\t\t\t<a  href='https:\/\/www.stiftung-denkmal.de\/wp-content\/uploads\/38bff395-ba1d-4cac-8fa5-9568bf485bf1.jpeg'><img fetchpriority=\"high\" decoding=\"async\" width=\"300\" height=\"200\" src=\"https:\/\/www.stiftung-denkmal.de\/wp-content\/uploads\/38bff395-ba1d-4cac-8fa5-9568bf485bf1-300x200.jpeg\" class=\"attachment-medium size-medium\" alt=\"Ministerpr\u00e4sident von Rum\u00e4nien, Ilie Bolojan, und Uwe Neum\u00e4rker im Raum der Familien\" aria-describedby=\"gallery-1-78718\" srcset=\"https:\/\/www.stiftung-denkmal.de\/wp-content\/uploads\/38bff395-ba1d-4cac-8fa5-9568bf485bf1-300x200.jpeg 300w, https:\/\/www.stiftung-denkmal.de\/wp-content\/uploads\/38bff395-ba1d-4cac-8fa5-9568bf485bf1-1280x853.jpeg 1280w, https:\/\/www.stiftung-denkmal.de\/wp-content\/uploads\/38bff395-ba1d-4cac-8fa5-9568bf485bf1-768x512.jpeg 768w, https:\/\/www.stiftung-denkmal.de\/wp-content\/uploads\/38bff395-ba1d-4cac-8fa5-9568bf485bf1-1536x1023.jpeg 1536w, https:\/\/www.stiftung-denkmal.de\/wp-content\/uploads\/38bff395-ba1d-4cac-8fa5-9568bf485bf1-600x400.jpeg 600w, https:\/\/www.stiftung-denkmal.de\/wp-content\/uploads\/38bff395-ba1d-4cac-8fa5-9568bf485bf1.jpeg 1600w\" sizes=\"(max-width: 300px) 100vw, 300px\" \/><\/a>\n\t\t\t<\/div>\n\t\t\t\t<figcaption class='wp-caption-text gallery-caption' id='gallery-1-78718'>\n\t\t\t\tMinisterpr\u00e4sident von Rum\u00e4nien, Ilie Bolojan, und Uwe Neum\u00e4rker im Raum der Familien, Berlin, 28. Januar 2026, Foto: Botschaft von Rum\u00e4nien in in der Bundesrepublik Deutschland\n\t\t\t\t<\/figcaption><\/figure><figure class='gallery-item'>\n\t\t\t<div class='gallery-icon landscape'>\n\t\t\t\t<a  href='https:\/\/www.stiftung-denkmal.de\/wp-content\/uploads\/4df203f7-b123-4406-8402-3e7179751217.jpeg'><img decoding=\"async\" width=\"300\" height=\"200\" src=\"https:\/\/www.stiftung-denkmal.de\/wp-content\/uploads\/4df203f7-b123-4406-8402-3e7179751217-300x200.jpeg\" class=\"attachment-medium size-medium\" alt=\"Ministerpr\u00e4sident von Rum\u00e4nien, Ilie Bolojan, und Uwe Neum\u00e4rker im Raum der Familien, Berlin, 28. Januar 2026, Foto: Botschaft von Rum\u00e4nien in in der Bundesrepublik Deutschland\" aria-describedby=\"gallery-1-78724\" srcset=\"https:\/\/www.stiftung-denkmal.de\/wp-content\/uploads\/4df203f7-b123-4406-8402-3e7179751217-300x200.jpeg 300w, https:\/\/www.stiftung-denkmal.de\/wp-content\/uploads\/4df203f7-b123-4406-8402-3e7179751217-1280x853.jpeg 1280w, https:\/\/www.stiftung-denkmal.de\/wp-content\/uploads\/4df203f7-b123-4406-8402-3e7179751217-768x512.jpeg 768w, https:\/\/www.stiftung-denkmal.de\/wp-content\/uploads\/4df203f7-b123-4406-8402-3e7179751217-1536x1023.jpeg 1536w, https:\/\/www.stiftung-denkmal.de\/wp-content\/uploads\/4df203f7-b123-4406-8402-3e7179751217-600x400.jpeg 600w, https:\/\/www.stiftung-denkmal.de\/wp-content\/uploads\/4df203f7-b123-4406-8402-3e7179751217.jpeg 1600w\" sizes=\"(max-width: 300px) 100vw, 300px\" \/><\/a>\n\t\t\t<\/div>\n\t\t\t\t<figcaption class='wp-caption-text gallery-caption' id='gallery-1-78724'>\n\t\t\t\tMinisterpr\u00e4sident von Rum\u00e4nien, Ilie Bolojan, und Uwe Neum\u00e4rker im Raum der Familien, Berlin, 28. Januar 2026, Foto: Botschaft von Rum\u00e4nien in in der Bundesrepublik Deutschland\n\t\t\t\t<\/figcaption><\/figure><figure class='gallery-item'>\n\t\t\t<div class='gallery-icon landscape'>\n\t\t\t\t<a  href='https:\/\/www.stiftung-denkmal.de\/wp-content\/uploads\/265eb463-5d17-405f-9bae-5a3c888eb357.jpeg'><img decoding=\"async\" width=\"300\" height=\"200\" src=\"https:\/\/www.stiftung-denkmal.de\/wp-content\/uploads\/265eb463-5d17-405f-9bae-5a3c888eb357-300x200.jpeg\" class=\"attachment-medium size-medium\" alt=\"Premierminister Rum\u00e4niens Ilie Bolojan, Berlin, 28. Januar 2026, Foto: Botschaft von Rum\u00e4nien in in der Bundesrepublik Deutschland\" aria-describedby=\"gallery-1-78721\" srcset=\"https:\/\/www.stiftung-denkmal.de\/wp-content\/uploads\/265eb463-5d17-405f-9bae-5a3c888eb357-300x200.jpeg 300w, https:\/\/www.stiftung-denkmal.de\/wp-content\/uploads\/265eb463-5d17-405f-9bae-5a3c888eb357-1280x853.jpeg 1280w, https:\/\/www.stiftung-denkmal.de\/wp-content\/uploads\/265eb463-5d17-405f-9bae-5a3c888eb357-768x512.jpeg 768w, https:\/\/www.stiftung-denkmal.de\/wp-content\/uploads\/265eb463-5d17-405f-9bae-5a3c888eb357-1536x1023.jpeg 1536w, https:\/\/www.stiftung-denkmal.de\/wp-content\/uploads\/265eb463-5d17-405f-9bae-5a3c888eb357-600x400.jpeg 600w, https:\/\/www.stiftung-denkmal.de\/wp-content\/uploads\/265eb463-5d17-405f-9bae-5a3c888eb357.jpeg 1600w\" sizes=\"(max-width: 300px) 100vw, 300px\" \/><\/a>\n\t\t\t<\/div>\n\t\t\t\t<figcaption class='wp-caption-text gallery-caption' id='gallery-1-78721'>\n\t\t\t\tPremierminister Rum\u00e4niens Ilie Bolojan, Berlin, 28. Januar 2026, Foto: Botschaft von Rum\u00e4nien in in der Bundesrepublik Deutschland\n\t\t\t\t<\/figcaption><\/figure>\n\t\t<\/div>\n\t\t<\/div>\n\t\t\t\t\t\t<\/div>\n\t\t\t\t<\/div>\n\t\t\t\t\t<\/div>\n\t\t<\/div>\n\t\t\t\t\t<\/div>\n\t\t<\/section>\n\t\t\t\t<section class=\"elementor-section elementor-top-section elementor-element elementor-element-52d7899a elementor-section-boxed elementor-section-height-default elementor-section-height-default\" data-id=\"52d7899a\" data-element_type=\"section\" data-e-type=\"section\">\n\t\t\t\t\t\t<div class=\"elementor-container elementor-column-gap-default\">\n\t\t\t\t\t<div class=\"elementor-column elementor-col-100 elementor-top-column elementor-element elementor-element-5637ad19\" data-id=\"5637ad19\" data-element_type=\"column\" data-e-type=\"column\">\n\t\t\t<div class=\"elementor-widget-wrap elementor-element-populated\">\n\t\t\t\t\t\t<div class=\"elementor-element elementor-element-f7509ef elementor-widget-divider--view-line elementor-widget elementor-widget-divider\" data-id=\"f7509ef\" data-element_type=\"widget\" data-e-type=\"widget\" data-widget_type=\"divider.default\">\n\t\t\t\t<div class=\"elementor-widget-container\">\n\t\t\t\t\t\t\t<div class=\"elementor-divider\">\n\t\t\t<span class=\"elementor-divider-separator\">\n\t\t\t\t\t\t<\/span>\n\t\t<\/div>\n\t\t\t\t\t\t<\/div>\n\t\t\t\t<\/div>\n\t\t\t\t\t<\/div>\n\t\t<\/div>\n\t\t\t\t\t<\/div>\n\t\t<\/section>\n\t\t\t\t<\/div>\n\t\t","protected":false},"excerpt":{"rendered":"<p>On 28 January 2026, Romanian Prime Minister Ilie Gavril Bolojan,<\/p>\n","protected":false},"author":3,"featured_media":78714,"comment_status":"closed","ping_status":"closed","sticky":false,"template":"","format":"standard","meta":{"footnotes":""},"categories":[349,160],"tags":[],"class_list":{"0":"post-78701","1":"post","2":"type-post","3":"status-publish","4":"format-standard","5":"has-post-thumbnail","7":"category-event-report","8":"category-latest-news"},"yoast_head":"<!-- This site is optimized with the Yoast SEO plugin v27.5 - https:\/\/yoast.com\/product\/yoast-seo-wordpress\/ -->\n<title>Prime Minister of Romania, Ilie Bolojan, pays his respects at the Memorial and visits the exhibition - Stiftung Denkmal f\u00fcr die ermordeten Juden Europas<\/title>\n<meta name=\"robots\" content=\"index, follow, max-snippet:-1, max-image-preview:large, max-video-preview:-1\" \/>\n<link rel=\"canonical\" href=\"https:\/\/www.stiftung-denkmal.de\/en\/latest-news\/prime-minister-of-romania-ilie-bolojan-pays-his-respects-at-the-memorial-and-visits-the-exhibition\/\" \/>\n<meta property=\"og:locale\" content=\"en_US\" \/>\n<meta property=\"og:type\" content=\"article\" \/>\n<meta property=\"og:title\" content=\"Prime Minister of Romania, Ilie Bolojan, pays his respects at the Memorial and visits the exhibition - Stiftung Denkmal f\u00fcr die ermordeten Juden Europas\" \/>\n<meta property=\"og:description\" content=\"On 28 January 2026, Romanian Prime Minister Ilie Gavril Bolojan,\" \/>\n<meta property=\"og:url\" content=\"https:\/\/www.stiftung-denkmal.de\/en\/latest-news\/prime-minister-of-romania-ilie-bolojan-pays-his-respects-at-the-memorial-and-visits-the-exhibition\/\" \/>\n<meta property=\"og:site_name\" content=\"Stiftung Denkmal f\u00fcr die ermordeten Juden Europas\" \/>\n<meta property=\"article:published_time\" content=\"2026-01-29T14:57:03+00:00\" \/>\n<meta property=\"article:modified_time\" content=\"2026-02-03T13:21:29+00:00\" \/>\n<meta property=\"og:image\" content=\"https:\/\/www.stiftung-denkmal.de\/wp-content\/uploads\/964bec43-d0ad-4727-a0c2-00b842745be1.jpeg\" \/>\n\t<meta property=\"og:image:width\" content=\"1600\" \/>\n\t<meta property=\"og:image:height\" content=\"1066\" \/>\n\t<meta property=\"og:image:type\" content=\"image\/jpeg\" \/>\n<meta name=\"author\" content=\"Felizitas Bborzym\" \/>\n<meta name=\"twitter:card\" content=\"summary_large_image\" \/>\n<meta name=\"twitter:label1\" content=\"Written by\" \/>\n\t<meta name=\"twitter:data1\" content=\"Felizitas Bborzym\" \/>\n\t<meta name=\"twitter:label2\" content=\"Est. reading time\" \/>\n\t<meta name=\"twitter:data2\" content=\"1 minute\" \/>\n<script type=\"application\/ld+json\" class=\"yoast-schema-graph\">{\"@context\":\"https:\\\/\\\/schema.org\",\"@graph\":[{\"@type\":\"Article\",\"@id\":\"https:\\\/\\\/www.stiftung-denkmal.de\\\/en\\\/latest-news\\\/prime-minister-of-romania-ilie-bolojan-pays-his-respects-at-the-memorial-and-visits-the-exhibition\\\/#article\",\"isPartOf\":{\"@id\":\"https:\\\/\\\/www.stiftung-denkmal.de\\\/en\\\/latest-news\\\/prime-minister-of-romania-ilie-bolojan-pays-his-respects-at-the-memorial-and-visits-the-exhibition\\\/\"},\"author\":{\"name\":\"Felizitas Bborzym\",\"@id\":\"https:\\\/\\\/www.stiftung-denkmal.de\\\/en\\\/#\\\/schema\\\/person\\\/b56092e16835e179fdcf546b506f536e\"},\"headline\":\"Prime Minister of Romania, Ilie Bolojan, pays his respects at the Memorial and visits the exhibition\",\"datePublished\":\"2026-01-29T14:57:03+00:00\",\"dateModified\":\"2026-02-03T13:21:29+00:00\",\"mainEntityOfPage\":{\"@id\":\"https:\\\/\\\/www.stiftung-denkmal.de\\\/en\\\/latest-news\\\/prime-minister-of-romania-ilie-bolojan-pays-his-respects-at-the-memorial-and-visits-the-exhibition\\\/\"},\"wordCount\":157,\"publisher\":{\"@id\":\"https:\\\/\\\/www.stiftung-denkmal.de\\\/en\\\/#organization\"},\"image\":{\"@id\":\"https:\\\/\\\/www.stiftung-denkmal.de\\\/en\\\/latest-news\\\/prime-minister-of-romania-ilie-bolojan-pays-his-respects-at-the-memorial-and-visits-the-exhibition\\\/#primaryimage\"},\"thumbnailUrl\":\"https:\\\/\\\/www.stiftung-denkmal.de\\\/wp-content\\\/uploads\\\/964bec43-d0ad-4727-a0c2-00b842745be1.jpeg\",\"articleSection\":[\"Event report\",\"Latest News\"],\"inLanguage\":\"en-US\"},{\"@type\":\"WebPage\",\"@id\":\"https:\\\/\\\/www.stiftung-denkmal.de\\\/en\\\/latest-news\\\/prime-minister-of-romania-ilie-bolojan-pays-his-respects-at-the-memorial-and-visits-the-exhibition\\\/\",\"url\":\"https:\\\/\\\/www.stiftung-denkmal.de\\\/en\\\/latest-news\\\/prime-minister-of-romania-ilie-bolojan-pays-his-respects-at-the-memorial-and-visits-the-exhibition\\\/\",\"name\":\"Prime Minister of Romania, Ilie Bolojan, pays his respects at the Memorial and visits the exhibition - Stiftung Denkmal f\u00fcr die ermordeten Juden Europas\",\"isPartOf\":{\"@id\":\"https:\\\/\\\/www.stiftung-denkmal.de\\\/en\\\/#website\"},\"primaryImageOfPage\":{\"@id\":\"https:\\\/\\\/www.stiftung-denkmal.de\\\/en\\\/latest-news\\\/prime-minister-of-romania-ilie-bolojan-pays-his-respects-at-the-memorial-and-visits-the-exhibition\\\/#primaryimage\"},\"image\":{\"@id\":\"https:\\\/\\\/www.stiftung-denkmal.de\\\/en\\\/latest-news\\\/prime-minister-of-romania-ilie-bolojan-pays-his-respects-at-the-memorial-and-visits-the-exhibition\\\/#primaryimage\"},\"thumbnailUrl\":\"https:\\\/\\\/www.stiftung-denkmal.de\\\/wp-content\\\/uploads\\\/964bec43-d0ad-4727-a0c2-00b842745be1.jpeg\",\"datePublished\":\"2026-01-29T14:57:03+00:00\",\"dateModified\":\"2026-02-03T13:21:29+00:00\",\"breadcrumb\":{\"@id\":\"https:\\\/\\\/www.stiftung-denkmal.de\\\/en\\\/latest-news\\\/prime-minister-of-romania-ilie-bolojan-pays-his-respects-at-the-memorial-and-visits-the-exhibition\\\/#breadcrumb\"},\"inLanguage\":\"en-US\",\"potentialAction\":[{\"@type\":\"ReadAction\",\"target\":[\"https:\\\/\\\/www.stiftung-denkmal.de\\\/en\\\/latest-news\\\/prime-minister-of-romania-ilie-bolojan-pays-his-respects-at-the-memorial-and-visits-the-exhibition\\\/\"]}]},{\"@type\":\"ImageObject\",\"inLanguage\":\"en-US\",\"@id\":\"https:\\\/\\\/www.stiftung-denkmal.de\\\/en\\\/latest-news\\\/prime-minister-of-romania-ilie-bolojan-pays-his-respects-at-the-memorial-and-visits-the-exhibition\\\/#primaryimage\",\"url\":\"https:\\\/\\\/www.stiftung-denkmal.de\\\/wp-content\\\/uploads\\\/964bec43-d0ad-4727-a0c2-00b842745be1.jpeg\",\"contentUrl\":\"https:\\\/\\\/www.stiftung-denkmal.de\\\/wp-content\\\/uploads\\\/964bec43-d0ad-4727-a0c2-00b842745be1.jpeg\",\"width\":1600,\"height\":1066,\"caption\":\"Premierminister Rum\u00e4niens Ilie Bolojan, Berlin, 28. Januar 2026, Foto: Botschaft von Rum\u00e4nien in in der Bundesrepublik Deutschland\"},{\"@type\":\"BreadcrumbList\",\"@id\":\"https:\\\/\\\/www.stiftung-denkmal.de\\\/en\\\/latest-news\\\/prime-minister-of-romania-ilie-bolojan-pays-his-respects-at-the-memorial-and-visits-the-exhibition\\\/#breadcrumb\",\"itemListElement\":[{\"@type\":\"ListItem\",\"position\":1,\"name\":\"Startseite\",\"item\":\"https:\\\/\\\/www.stiftung-denkmal.de\\\/en\\\/\"},{\"@type\":\"ListItem\",\"position\":2,\"name\":\"Prime Minister of Romania, Ilie Bolojan, pays his respects at the Memorial and visits the exhibition\"}]},{\"@type\":\"WebSite\",\"@id\":\"https:\\\/\\\/www.stiftung-denkmal.de\\\/en\\\/#website\",\"url\":\"https:\\\/\\\/www.stiftung-denkmal.de\\\/en\\\/\",\"name\":\"Stiftung Denkmal f\u00fcr die ermordeten Juden Europas\",\"description\":\"\",\"publisher\":{\"@id\":\"https:\\\/\\\/www.stiftung-denkmal.de\\\/en\\\/#organization\"},\"potentialAction\":[{\"@type\":\"SearchAction\",\"target\":{\"@type\":\"EntryPoint\",\"urlTemplate\":\"https:\\\/\\\/www.stiftung-denkmal.de\\\/en\\\/?s={search_term_string}\"},\"query-input\":{\"@type\":\"PropertyValueSpecification\",\"valueRequired\":true,\"valueName\":\"search_term_string\"}}],\"inLanguage\":\"en-US\"},{\"@type\":\"Organization\",\"@id\":\"https:\\\/\\\/www.stiftung-denkmal.de\\\/en\\\/#organization\",\"name\":\"Stiftung Denkmal f\u00fcr die ermordeten Juden Europas\",\"url\":\"https:\\\/\\\/www.stiftung-denkmal.de\\\/en\\\/\",\"logo\":{\"@type\":\"ImageObject\",\"inLanguage\":\"en-US\",\"@id\":\"https:\\\/\\\/www.stiftung-denkmal.de\\\/en\\\/#\\\/schema\\\/logo\\\/image\\\/\",\"url\":\"https:\\\/\\\/www.stiftung-denkmal.de\\\/wp-content\\\/uploads\\\/LOGOPC_small.jpg\",\"contentUrl\":\"https:\\\/\\\/www.stiftung-denkmal.de\\\/wp-content\\\/uploads\\\/LOGOPC_small.jpg\",\"width\":128,\"height\":116,\"caption\":\"Stiftung Denkmal f\u00fcr die ermordeten Juden Europas\"},\"image\":{\"@id\":\"https:\\\/\\\/www.stiftung-denkmal.de\\\/en\\\/#\\\/schema\\\/logo\\\/image\\\/\"}},{\"@type\":\"Person\",\"@id\":\"https:\\\/\\\/www.stiftung-denkmal.de\\\/en\\\/#\\\/schema\\\/person\\\/b56092e16835e179fdcf546b506f536e\",\"name\":\"Felizitas Bborzym\"}]}<\/script>\n<!-- \/ Yoast SEO plugin. -->","yoast_head_json":{"title":"Prime Minister of Romania, Ilie Bolojan, pays his respects at the Memorial and visits the exhibition - Stiftung Denkmal f\u00fcr die ermordeten Juden Europas","robots":{"index":"index","follow":"follow","max-snippet":"max-snippet:-1","max-image-preview":"max-image-preview:large","max-video-preview":"max-video-preview:-1"},"canonical":"https:\/\/www.stiftung-denkmal.de\/en\/latest-news\/prime-minister-of-romania-ilie-bolojan-pays-his-respects-at-the-memorial-and-visits-the-exhibition\/","og_locale":"en_US","og_type":"article","og_title":"Prime Minister of Romania, Ilie Bolojan, pays his respects at the Memorial and visits the exhibition - Stiftung Denkmal f\u00fcr die ermordeten Juden Europas","og_description":"On 28 January 2026, Romanian Prime Minister Ilie Gavril Bolojan,","og_url":"https:\/\/www.stiftung-denkmal.de\/en\/latest-news\/prime-minister-of-romania-ilie-bolojan-pays-his-respects-at-the-memorial-and-visits-the-exhibition\/","og_site_name":"Stiftung Denkmal f\u00fcr die ermordeten Juden Europas","article_published_time":"2026-01-29T14:57:03+00:00","article_modified_time":"2026-02-03T13:21:29+00:00","og_image":[{"width":1600,"height":1066,"url":"https:\/\/www.stiftung-denkmal.de\/wp-content\/uploads\/964bec43-d0ad-4727-a0c2-00b842745be1.jpeg","type":"image\/jpeg"}],"author":"Felizitas Bborzym","twitter_card":"summary_large_image","twitter_misc":{"Written by":"Felizitas Bborzym","Est. reading time":"1 minute"},"schema":{"@context":"https:\/\/schema.org","@graph":[{"@type":"Article","@id":"https:\/\/www.stiftung-denkmal.de\/en\/latest-news\/prime-minister-of-romania-ilie-bolojan-pays-his-respects-at-the-memorial-and-visits-the-exhibition\/#article","isPartOf":{"@id":"https:\/\/www.stiftung-denkmal.de\/en\/latest-news\/prime-minister-of-romania-ilie-bolojan-pays-his-respects-at-the-memorial-and-visits-the-exhibition\/"},"author":{"name":"Felizitas Bborzym","@id":"https:\/\/www.stiftung-denkmal.de\/en\/#\/schema\/person\/b56092e16835e179fdcf546b506f536e"},"headline":"Prime Minister of Romania, Ilie Bolojan, pays his respects at the Memorial and visits the exhibition","datePublished":"2026-01-29T14:57:03+00:00","dateModified":"2026-02-03T13:21:29+00:00","mainEntityOfPage":{"@id":"https:\/\/www.stiftung-denkmal.de\/en\/latest-news\/prime-minister-of-romania-ilie-bolojan-pays-his-respects-at-the-memorial-and-visits-the-exhibition\/"},"wordCount":157,"publisher":{"@id":"https:\/\/www.stiftung-denkmal.de\/en\/#organization"},"image":{"@id":"https:\/\/www.stiftung-denkmal.de\/en\/latest-news\/prime-minister-of-romania-ilie-bolojan-pays-his-respects-at-the-memorial-and-visits-the-exhibition\/#primaryimage"},"thumbnailUrl":"https:\/\/www.stiftung-denkmal.de\/wp-content\/uploads\/964bec43-d0ad-4727-a0c2-00b842745be1.jpeg","articleSection":["Event report","Latest News"],"inLanguage":"en-US"},{"@type":"WebPage","@id":"https:\/\/www.stiftung-denkmal.de\/en\/latest-news\/prime-minister-of-romania-ilie-bolojan-pays-his-respects-at-the-memorial-and-visits-the-exhibition\/","url":"https:\/\/www.stiftung-denkmal.de\/en\/latest-news\/prime-minister-of-romania-ilie-bolojan-pays-his-respects-at-the-memorial-and-visits-the-exhibition\/","name":"Prime Minister of Romania, Ilie Bolojan, pays his respects at the Memorial and visits the exhibition - Stiftung Denkmal f\u00fcr die ermordeten Juden Europas","isPartOf":{"@id":"https:\/\/www.stiftung-denkmal.de\/en\/#website"},"primaryImageOfPage":{"@id":"https:\/\/www.stiftung-denkmal.de\/en\/latest-news\/prime-minister-of-romania-ilie-bolojan-pays-his-respects-at-the-memorial-and-visits-the-exhibition\/#primaryimage"},"image":{"@id":"https:\/\/www.stiftung-denkmal.de\/en\/latest-news\/prime-minister-of-romania-ilie-bolojan-pays-his-respects-at-the-memorial-and-visits-the-exhibition\/#primaryimage"},"thumbnailUrl":"https:\/\/www.stiftung-denkmal.de\/wp-content\/uploads\/964bec43-d0ad-4727-a0c2-00b842745be1.jpeg","datePublished":"2026-01-29T14:57:03+00:00","dateModified":"2026-02-03T13:21:29+00:00","breadcrumb":{"@id":"https:\/\/www.stiftung-denkmal.de\/en\/latest-news\/prime-minister-of-romania-ilie-bolojan-pays-his-respects-at-the-memorial-and-visits-the-exhibition\/#breadcrumb"},"inLanguage":"en-US","potentialAction":[{"@type":"ReadAction","target":["https:\/\/www.stiftung-denkmal.de\/en\/latest-news\/prime-minister-of-romania-ilie-bolojan-pays-his-respects-at-the-memorial-and-visits-the-exhibition\/"]}]},{"@type":"ImageObject","inLanguage":"en-US","@id":"https:\/\/www.stiftung-denkmal.de\/en\/latest-news\/prime-minister-of-romania-ilie-bolojan-pays-his-respects-at-the-memorial-and-visits-the-exhibition\/#primaryimage","url":"https:\/\/www.stiftung-denkmal.de\/wp-content\/uploads\/964bec43-d0ad-4727-a0c2-00b842745be1.jpeg","contentUrl":"https:\/\/www.stiftung-denkmal.de\/wp-content\/uploads\/964bec43-d0ad-4727-a0c2-00b842745be1.jpeg","width":1600,"height":1066,"caption":"Premierminister Rum\u00e4niens Ilie Bolojan, Berlin, 28. Januar 2026, Foto: Botschaft von Rum\u00e4nien in in der Bundesrepublik Deutschland"},{"@type":"BreadcrumbList","@id":"https:\/\/www.stiftung-denkmal.de\/en\/latest-news\/prime-minister-of-romania-ilie-bolojan-pays-his-respects-at-the-memorial-and-visits-the-exhibition\/#breadcrumb","itemListElement":[{"@type":"ListItem","position":1,"name":"Startseite","item":"https:\/\/www.stiftung-denkmal.de\/en\/"},{"@type":"ListItem","position":2,"name":"Prime Minister of Romania, Ilie Bolojan, pays his respects at the Memorial and visits the exhibition"}]},{"@type":"WebSite","@id":"https:\/\/www.stiftung-denkmal.de\/en\/#website","url":"https:\/\/www.stiftung-denkmal.de\/en\/","name":"Stiftung Denkmal f\u00fcr die ermordeten Juden Europas","description":"","publisher":{"@id":"https:\/\/www.stiftung-denkmal.de\/en\/#organization"},"potentialAction":[{"@type":"SearchAction","target":{"@type":"EntryPoint","urlTemplate":"https:\/\/www.stiftung-denkmal.de\/en\/?s={search_term_string}"},"query-input":{"@type":"PropertyValueSpecification","valueRequired":true,"valueName":"search_term_string"}}],"inLanguage":"en-US"},{"@type":"Organization","@id":"https:\/\/www.stiftung-denkmal.de\/en\/#organization","name":"Stiftung Denkmal f\u00fcr die ermordeten Juden Europas","url":"https:\/\/www.stiftung-denkmal.de\/en\/","logo":{"@type":"ImageObject","inLanguage":"en-US","@id":"https:\/\/www.stiftung-denkmal.de\/en\/#\/schema\/logo\/image\/","url":"https:\/\/www.stiftung-denkmal.de\/wp-content\/uploads\/LOGOPC_small.jpg","contentUrl":"https:\/\/www.stiftung-denkmal.de\/wp-content\/uploads\/LOGOPC_small.jpg","width":128,"height":116,"caption":"Stiftung Denkmal f\u00fcr die ermordeten Juden Europas"},"image":{"@id":"https:\/\/www.stiftung-denkmal.de\/en\/#\/schema\/logo\/image\/"}},{"@type":"Person","@id":"https:\/\/www.stiftung-denkmal.de\/en\/#\/schema\/person\/b56092e16835e179fdcf546b506f536e","name":"Felizitas Bborzym"}]}},"_links":{"self":[{"href":"https:\/\/www.stiftung-denkmal.de\/en\/wp-json\/wp\/v2\/posts\/78701","targetHints":{"allow":["GET"]}}],"collection":[{"href":"https:\/\/www.stiftung-denkmal.de\/en\/wp-json\/wp\/v2\/posts"}],"about":[{"href":"https:\/\/www.stiftung-denkmal.de\/en\/wp-json\/wp\/v2\/types\/post"}],"author":[{"embeddable":true,"href":"https:\/\/www.stiftung-denkmal.de\/en\/wp-json\/wp\/v2\/users\/3"}],"replies":[{"embeddable":true,"href":"https:\/\/www.stiftung-denkmal.de\/en\/wp-json\/wp\/v2\/comments?post=78701"}],"version-history":[{"count":3,"href":"https:\/\/www.stiftung-denkmal.de\/en\/wp-json\/wp\/v2\/posts\/78701\/revisions"}],"predecessor-version":[{"id":78730,"href":"https:\/\/www.stiftung-denkmal.de\/en\/wp-json\/wp\/v2\/posts\/78701\/revisions\/78730"}],"wp:featuredmedia":[{"embeddable":true,"href":"https:\/\/www.stiftung-denkmal.de\/en\/wp-json\/wp\/v2\/media\/78714"}],"wp:attachment":[{"href":"https:\/\/www.stiftung-denkmal.de\/en\/wp-json\/wp\/v2\/media?parent=78701"}],"wp:term":[{"taxonomy":"category","embeddable":true,"href":"https:\/\/www.stiftung-denkmal.de\/en\/wp-json\/wp\/v2\/categories?post=78701"},{"taxonomy":"post_tag","embeddable":true,"href":"https:\/\/www.stiftung-denkmal.de\/en\/wp-json\/wp\/v2\/tags?post=78701"}],"curies":[{"name":"wp","href":"https:\/\/api.w.org\/{rel}","templated":true}]}}