{"id":71854,"date":"2025-02-20T11:07:54","date_gmt":"2025-02-20T10:07:54","guid":{"rendered":"https:\/\/www.stiftung-denkmal.de\/uncategorized\/outlook-for-2025\/"},"modified":"2025-02-18T16:39:44","modified_gmt":"2025-02-18T15:39:44","slug":"outlook-for-2025","status":"publish","type":"post","link":"https:\/\/www.stiftung-denkmal.de\/en\/latest-news\/outlook-for-2025\/","title":{"rendered":"Outlook for 2025"},"content":{"rendered":"\t\t<div data-elementor-type=\"wp-post\" data-elementor-id=\"71854\" class=\"elementor elementor-71854 elementor-71743\" data-elementor-post-type=\"post\">\n\t\t\t\t\t\t<section class=\"elementor-section elementor-top-section elementor-element elementor-element-9a25c63 elementor-section-boxed elementor-section-height-default elementor-section-height-default\" data-id=\"9a25c63\" data-element_type=\"section\" data-e-type=\"section\">\n\t\t\t\t\t\t<div class=\"elementor-container elementor-column-gap-default\">\n\t\t\t\t\t<div class=\"elementor-column elementor-col-100 elementor-top-column elementor-element elementor-element-459d217\" data-id=\"459d217\" data-element_type=\"column\" data-e-type=\"column\">\n\t\t\t<div class=\"elementor-widget-wrap elementor-element-populated\">\n\t\t\t\t\t\t<div class=\"elementor-element elementor-element-7aec1b2 elementor-widget elementor-widget-heading\" data-id=\"7aec1b2\" data-element_type=\"widget\" data-e-type=\"widget\" data-widget_type=\"heading.default\">\n\t\t\t\t<div class=\"elementor-widget-container\">\n\t\t\t\t\t<h2 class=\"elementor-heading-title elementor-size-default\">20 years of the Memorial to the Murdered Jews of Europe \u2013 25 years of the Foundation Memorial to the Murdered Jews of Europe<\/h2>\t\t\t\t<\/div>\n\t\t\t\t<\/div>\n\t\t\t\t\t<\/div>\n\t\t<\/div>\n\t\t\t\t\t<\/div>\n\t\t<\/section>\n\t\t\t\t<section class=\"elementor-section elementor-top-section elementor-element elementor-element-666236d elementor-section-boxed elementor-section-height-default elementor-section-height-default\" data-id=\"666236d\" data-element_type=\"section\" data-e-type=\"section\">\n\t\t\t\t\t\t<div class=\"elementor-container elementor-column-gap-default\">\n\t\t\t\t\t<div class=\"elementor-column elementor-col-100 elementor-top-column elementor-element elementor-element-786a571\" data-id=\"786a571\" data-element_type=\"column\" data-e-type=\"column\">\n\t\t\t<div class=\"elementor-widget-wrap elementor-element-populated\">\n\t\t\t\t\t\t<div class=\"elementor-element elementor-element-9f590c2 elementor-widget elementor-widget-text-editor\" data-id=\"9f590c2\" data-element_type=\"widget\" data-e-type=\"widget\" data-widget_type=\"text-editor.default\">\n\t\t\t\t<div class=\"elementor-widget-container\">\n\t\t\t\t\t\t\t\t\t<p>For 20 years, Germany has been commemorating the up to six million victims of the Holocaust with the Memorial to the Murdered Jews of Europe. The Memorial goes back to a civic initiative around the publicist Lea Rosh and the historian Eberhard J\u00e4ckel at the end of the 1980s. On 25 June 1999, the German Bundestag passed the resolution for the construction of the monument according to the design of Richard Serra and Peter Eisenman. The Foundation Memorial to the Murdered Jews of Europe was established 25 years ago, on <strong>April 6, 2000.<\/strong> Five years later, on <strong>May 10, 2005<\/strong>, the so-called Holocaust Memorial with the Information Center was handed over to the public.    <\/p>\n<p>On the occasion of these two anniversaries and in memory of the 80th anniversary of the end of the war and liberation from National Socialism, the Foundation Memorial to the Murdered Jews of Europe invites you to several events starting in March 2025.<\/p>\n<p>On<strong> March 27, 2025, at 6 p.m., <\/strong>an evening of encounters with companions will take place<strong> at the Theater im Delphi in Berlin <\/strong>. The event will be moderated by Knut Elstermann. A short documentary by SWR on the memorial and two animated films made together with partners about two fates depicted in the Information Centre will be shown. <strong>B\u00e4rbel Bas<\/strong>, President of the German Bundestag and Chairwoman of the Foundation&#8217;s Board of Trustees, <strong>Lea Rosh<\/strong>, initiator of the memorial, <strong>Frank Hertweck<\/strong>, editorial director, SWR, <strong>Uwe Neum\u00e4rker<\/strong>, director of the Stiftung Denkmal, <strong>actress Dagmar Manzel<\/strong>, <strong>historian Dr. Ulrich Baumann,<\/strong> director <strong>and producer Britta Wauer<\/strong> and the <strong>Limbus collective<\/strong> will take part in the evening&#8217;s discussions.   <\/p>\n<p>From <strong>8 to 10 April 2025 <\/strong>, the Federal Foundation for the Study of the SED Dictatorship, the German-Polish House, the Museum Berlin-Karlshorst, the Foundation on Monuments and the Centre for Military History and Social Sciences of the Bundeswehr will host an <strong>international conference on the European culture of remembrance on 8 May 1945<\/strong> .<\/p>\n<p>On<strong> April 29, 2025 <\/strong>, on the occasion of the 80th anniversary of the end of the war and the 20th anniversary of the Holocaust memorial, the new book <strong>&#8220;Future of Remembrance. The German Heritage and the Coming Generation&#8221; by Wolfgang Benz <\/strong>, spokesman of the advisory board of the Monument Foundation, at the Rhineland-Palatinate State Representation.<\/p>\n<p><strong>At the beginning of May<\/strong> , the <strong>Exhibition \u00bb&#8230; Peace at last&#8221;?! \u2013 80 years after the end of the Second World War and the liberation from National Socialism <\/strong>. Die rund elf Ausstellungstafeln werden von der St\u00e4ndigen Konferenz der NS-Gedenkorte im Berliner Raum gemeinsam mit Partnern \u2014 Kulturprojekte Berlin und dem Berliner Beauftragten zur Aufarbeitung der SED-Diktatur \u2014 erarbeitet. Die Ausstellung soll als Freiluftausstellung an zentralen Orten im Berliner Stadtraum gezeigt werden.  <\/p>\n<p>In addition, <strong>on June 4, 2025 <\/strong>, Nina Kunzendorf will read from <strong>Jeanette Wolff&#8217;s eyewitness account &#8220;Sadism or Madness&#8221; in the reading room of the library in the Marie-Elisabeth-L\u00fcders-Haus <\/strong>. It is a joint event of the Stiftung Denkmal and the German Bundestag. <\/p>\n\t\t\t\t\t\t\t\t<\/div>\n\t\t\t\t<\/div>\n\t\t\t\t\t<\/div>\n\t\t<\/div>\n\t\t\t\t\t<\/div>\n\t\t<\/section>\n\t\t\t\t<section class=\"elementor-section elementor-top-section elementor-element elementor-element-ecc400c elementor-section-boxed elementor-section-height-default elementor-section-height-default\" data-id=\"ecc400c\" data-element_type=\"section\" data-e-type=\"section\">\n\t\t\t\t\t\t<div class=\"elementor-container elementor-column-gap-default\">\n\t\t\t\t\t<div class=\"elementor-column elementor-col-100 elementor-top-column elementor-element elementor-element-9790aab\" data-id=\"9790aab\" data-element_type=\"column\" data-e-type=\"column\">\n\t\t\t<div class=\"elementor-widget-wrap elementor-element-populated\">\n\t\t\t\t\t\t<div class=\"elementor-element elementor-element-fdd7856 elementor-widget-divider--view-line elementor-widget elementor-widget-divider\" data-id=\"fdd7856\" data-element_type=\"widget\" data-e-type=\"widget\" data-widget_type=\"divider.default\">\n\t\t\t\t<div class=\"elementor-widget-container\">\n\t\t\t\t\t\t\t<div class=\"elementor-divider\">\n\t\t\t<span class=\"elementor-divider-separator\">\n\t\t\t\t\t\t<\/span>\n\t\t<\/div>\n\t\t\t\t\t\t<\/div>\n\t\t\t\t<\/div>\n\t\t\t\t\t<\/div>\n\t\t<\/div>\n\t\t\t\t\t<\/div>\n\t\t<\/section>\n\t\t\t\t<section class=\"elementor-section elementor-top-section elementor-element elementor-element-27981cd elementor-section-boxed elementor-section-height-default elementor-section-height-default\" data-id=\"27981cd\" data-element_type=\"section\" data-e-type=\"section\">\n\t\t\t\t\t\t<div class=\"elementor-container elementor-column-gap-default\">\n\t\t\t\t\t<div class=\"elementor-column elementor-col-100 elementor-top-column elementor-element elementor-element-b2f73ac\" data-id=\"b2f73ac\" data-element_type=\"column\" data-e-type=\"column\">\n\t\t\t<div class=\"elementor-widget-wrap elementor-element-populated\">\n\t\t\t\t\t\t<div class=\"elementor-element elementor-element-ec6e60c elementor-widget elementor-widget-text-editor\" data-id=\"ec6e60c\" data-element_type=\"widget\" data-e-type=\"widget\" data-widget_type=\"text-editor.default\">\n\t\t\t\t<div class=\"elementor-widget-container\">\n\t\t\t\t\t\t\t\t\t<p><strong>Foundation Memorial to the Murdered Jews of Europe<\/strong><\/p>\n<p>In accordance with its legal mandate to &#8220;ensure the memory of all victims of National Socialism and their appreciation&#8221;, the Foundation is in charge of the Memorial to the Persecuted Homosexuals (2008), the Memorial to the Murdered Sinti and Roma of Europe (2012) as well as the Memorial and Information Centre for the Victims of the National Socialist &#8220;Euthanasia&#8221; Murders (2014) and the Memorial to the Persecuted and Murdered Jehovah&#8217;s Witnesses adopted by the Bundestag in 2023. The Foundation&#8217;s travelling exhibitions commemorate the victims of Nazi military justice (2007) and &#8220;The Denied&#8221;, persecuted as &#8220;asocials&#8221; and &#8220;career criminals&#8221; (2024). The groundbreaking project &#8220;German-Polish House. Remembrance. Meet. &#8220;Understanding&#8221; is located under its roof.   <\/p><\/p>\n\t\t\t\t\t\t\t\t<\/div>\n\t\t\t\t<\/div>\n\t\t\t\t\t<\/div>\n\t\t<\/div>\n\t\t\t\t\t<\/div>\n\t\t<\/section>\n\t\t\t\t<section class=\"elementor-section elementor-top-section elementor-element elementor-element-76a53d5 elementor-section-boxed elementor-section-height-default elementor-section-height-default\" data-id=\"76a53d5\" data-element_type=\"section\" data-e-type=\"section\">\n\t\t\t\t\t\t<div class=\"elementor-container elementor-column-gap-default\">\n\t\t\t\t\t<div class=\"elementor-column elementor-col-100 elementor-top-column elementor-element elementor-element-bbec4c7\" data-id=\"bbec4c7\" data-element_type=\"column\" data-e-type=\"column\">\n\t\t\t<div class=\"elementor-widget-wrap elementor-element-populated\">\n\t\t\t\t\t\t<div class=\"elementor-element elementor-element-1096bc4 elementor-widget-divider--view-line elementor-widget elementor-widget-divider\" data-id=\"1096bc4\" data-element_type=\"widget\" data-e-type=\"widget\" data-widget_type=\"divider.default\">\n\t\t\t\t<div class=\"elementor-widget-container\">\n\t\t\t\t\t\t\t<div class=\"elementor-divider\">\n\t\t\t<span class=\"elementor-divider-separator\">\n\t\t\t\t\t\t<\/span>\n\t\t<\/div>\n\t\t\t\t\t\t<\/div>\n\t\t\t\t<\/div>\n\t\t\t\t\t<\/div>\n\t\t<\/div>\n\t\t\t\t\t<\/div>\n\t\t<\/section>\n\t\t\t\t<section class=\"elementor-section elementor-top-section elementor-element elementor-element-febc1fa elementor-section-boxed elementor-section-height-default elementor-section-height-default\" data-id=\"febc1fa\" data-element_type=\"section\" data-e-type=\"section\">\n\t\t\t\t\t\t<div class=\"elementor-container elementor-column-gap-default\">\n\t\t\t\t\t<div class=\"elementor-column elementor-col-50 elementor-top-column elementor-element elementor-element-bde1aa8\" data-id=\"bde1aa8\" data-element_type=\"column\" data-e-type=\"column\">\n\t\t\t<div class=\"elementor-widget-wrap elementor-element-populated\">\n\t\t\t\t\t\t<div class=\"elementor-element elementor-element-b9848aa elementor-widget elementor-widget-image\" data-id=\"b9848aa\" data-element_type=\"widget\" data-e-type=\"widget\" data-widget_type=\"image.default\">\n\t\t\t\t<div class=\"elementor-widget-container\">\n\t\t\t\t\t\t\t\t\t\t\t\t\t\t\t<img fetchpriority=\"high\" decoding=\"async\" width=\"800\" height=\"494\" src=\"https:\/\/www.stiftung-denkmal.de\/wp-content\/uploads\/Ausschnitt_Karte_1.jpg\" class=\"attachment-large size-large wp-image-71745\" alt=\"\" srcset=\"https:\/\/www.stiftung-denkmal.de\/wp-content\/uploads\/Ausschnitt_Karte_1.jpg 1209w, https:\/\/www.stiftung-denkmal.de\/wp-content\/uploads\/Ausschnitt_Karte_1-300x185.jpg 300w, https:\/\/www.stiftung-denkmal.de\/wp-content\/uploads\/Ausschnitt_Karte_1-768x475.jpg 768w, https:\/\/www.stiftung-denkmal.de\/wp-content\/uploads\/Ausschnitt_Karte_1-600x371.jpg 600w\" sizes=\"(max-width: 800px) 100vw, 800px\" \/>\t\t\t\t\t\t\t\t\t\t\t\t\t\t\t<\/div>\n\t\t\t\t<\/div>\n\t\t\t\t\t<\/div>\n\t\t<\/div>\n\t\t\t\t<div class=\"elementor-column elementor-col-50 elementor-top-column elementor-element elementor-element-830283d\" data-id=\"830283d\" data-element_type=\"column\" data-e-type=\"column\">\n\t\t\t<div class=\"elementor-widget-wrap elementor-element-populated\">\n\t\t\t\t\t\t<div class=\"elementor-element elementor-element-6f4a688 elementor-widget elementor-widget-image\" data-id=\"6f4a688\" data-element_type=\"widget\" data-e-type=\"widget\" data-widget_type=\"image.default\">\n\t\t\t\t<div class=\"elementor-widget-container\">\n\t\t\t\t\t\t\t\t\t\t\t\t\t\t\t<img decoding=\"async\" width=\"800\" height=\"478\" src=\"https:\/\/www.stiftung-denkmal.de\/wp-content\/uploads\/Ausschnitt_Karte_2.jpg\" class=\"attachment-large size-large wp-image-71748\" alt=\"\" srcset=\"https:\/\/www.stiftung-denkmal.de\/wp-content\/uploads\/Ausschnitt_Karte_2.jpg 1240w, https:\/\/www.stiftung-denkmal.de\/wp-content\/uploads\/Ausschnitt_Karte_2-300x179.jpg 300w, https:\/\/www.stiftung-denkmal.de\/wp-content\/uploads\/Ausschnitt_Karte_2-768x459.jpg 768w, https:\/\/www.stiftung-denkmal.de\/wp-content\/uploads\/Ausschnitt_Karte_2-600x359.jpg 600w\" sizes=\"(max-width: 800px) 100vw, 800px\" \/>\t\t\t\t\t\t\t\t\t\t\t\t\t\t\t<\/div>\n\t\t\t\t<\/div>\n\t\t\t\t\t<\/div>\n\t\t<\/div>\n\t\t\t\t\t<\/div>\n\t\t<\/section>\n\t\t\t\t<section class=\"elementor-section elementor-top-section elementor-element elementor-element-adb3f2c elementor-section-boxed elementor-section-height-default elementor-section-height-default\" data-id=\"adb3f2c\" data-element_type=\"section\" data-e-type=\"section\">\n\t\t\t\t\t\t<div class=\"elementor-container elementor-column-gap-default\">\n\t\t\t\t\t<div class=\"elementor-column elementor-col-100 elementor-top-column elementor-element elementor-element-05f63cd\" data-id=\"05f63cd\" data-element_type=\"column\" data-e-type=\"column\">\n\t\t\t<div class=\"elementor-widget-wrap elementor-element-populated\">\n\t\t\t\t\t\t<div class=\"elementor-element elementor-element-7292e5b elementor-widget elementor-widget-text-editor\" data-id=\"7292e5b\" data-element_type=\"widget\" data-e-type=\"widget\" data-widget_type=\"text-editor.default\">\n\t\t\t\t<div class=\"elementor-widget-container\">\n\t\t\t\t\t\t\t\t\t<p><strong>Photo credits:<\/strong> Construction site 2002 \u00a9 Klaus Frahm, aerial view 2004 \u00a9 Dirk Laubner, opening 2005 \u00a9 Boris Mehl, shell of the Information Centre 2004 \u00a9 Klaus Frahm, still animated film \u00bbI believe in love &#8230;\u00ab \u00a9 Hamze Byty\u00e7i, film poster \u00bbThe Colonel and the Photos\u00ab \u00a9 britzkafilm<\/p>\n\t\t\t\t\t\t\t\t<\/div>\n\t\t\t\t<\/div>\n\t\t\t\t\t<\/div>\n\t\t<\/div>\n\t\t\t\t\t<\/div>\n\t\t<\/section>\n\t\t\t\t<section class=\"elementor-section elementor-top-section elementor-element elementor-element-03912ca elementor-section-boxed elementor-section-height-default elementor-section-height-default\" data-id=\"03912ca\" data-element_type=\"section\" data-e-type=\"section\">\n\t\t\t\t\t\t<div class=\"elementor-container elementor-column-gap-default\">\n\t\t\t\t\t<div class=\"elementor-column elementor-col-100 elementor-top-column elementor-element elementor-element-b6fa1dc\" data-id=\"b6fa1dc\" data-element_type=\"column\" data-e-type=\"column\">\n\t\t\t<div class=\"elementor-widget-wrap elementor-element-populated\">\n\t\t\t\t\t\t<div class=\"elementor-element elementor-element-0407135 elementor-widget-divider--view-line elementor-widget elementor-widget-divider\" data-id=\"0407135\" data-element_type=\"widget\" data-e-type=\"widget\" data-widget_type=\"divider.default\">\n\t\t\t\t<div class=\"elementor-widget-container\">\n\t\t\t\t\t\t\t<div class=\"elementor-divider\">\n\t\t\t<span class=\"elementor-divider-separator\">\n\t\t\t\t\t\t<\/span>\n\t\t<\/div>\n\t\t\t\t\t\t<\/div>\n\t\t\t\t<\/div>\n\t\t\t\t\t<\/div>\n\t\t<\/div>\n\t\t\t\t\t<\/div>\n\t\t<\/section>\n\t\t\t\t<section class=\"elementor-section elementor-top-section elementor-element elementor-element-a07a8f8 elementor-section-boxed elementor-section-height-default elementor-section-height-default\" data-id=\"a07a8f8\" data-element_type=\"section\" data-e-type=\"section\">\n\t\t\t\t\t\t<div class=\"elementor-container elementor-column-gap-default\">\n\t\t\t\t\t<div class=\"elementor-column elementor-col-100 elementor-top-column elementor-element elementor-element-2e9a7d9\" data-id=\"2e9a7d9\" data-element_type=\"column\" data-e-type=\"column\">\n\t\t\t<div class=\"elementor-widget-wrap elementor-element-populated\">\n\t\t\t\t\t\t<div class=\"elementor-element elementor-element-e29f8bc elementor-widget elementor-widget-text-editor\" data-id=\"e29f8bc\" data-element_type=\"widget\" data-e-type=\"widget\" data-widget_type=\"text-editor.default\">\n\t\t\t\t<div class=\"elementor-widget-container\">\n\t\t\t\t\t\t\t\t\t<p><strong>Contact:<\/strong> Press and Public Relations; Foundation Memorial to the Murdered Jews of Europe, <a href=\"mailto:presse@stiftung-denkmal.de\">presse@stiftung-denkmal.de<\/a>, <a href=\"http:\/\/www.stiftung-denkmal.de\">www.stiftung-denkmal.de<\/a><\/p>\n\t\t\t\t\t\t\t\t<\/div>\n\t\t\t\t<\/div>\n\t\t\t\t\t<\/div>\n\t\t<\/div>\n\t\t\t\t\t<\/div>\n\t\t<\/section>\n\t\t\t\t<section class=\"elementor-section elementor-top-section elementor-element elementor-element-0d47603 elementor-section-boxed elementor-section-height-default elementor-section-height-default\" data-id=\"0d47603\" data-element_type=\"section\" data-e-type=\"section\">\n\t\t\t\t\t\t<div class=\"elementor-container elementor-column-gap-default\">\n\t\t\t\t\t<div class=\"elementor-column elementor-col-100 elementor-top-column elementor-element elementor-element-b5498e6\" data-id=\"b5498e6\" data-element_type=\"column\" data-e-type=\"column\">\n\t\t\t<div class=\"elementor-widget-wrap elementor-element-populated\">\n\t\t\t\t\t\t<div class=\"elementor-element elementor-element-159a98e elementor-widget-divider--view-line elementor-widget elementor-widget-divider\" data-id=\"159a98e\" data-element_type=\"widget\" data-e-type=\"widget\" data-widget_type=\"divider.default\">\n\t\t\t\t<div class=\"elementor-widget-container\">\n\t\t\t\t\t\t\t<div class=\"elementor-divider\">\n\t\t\t<span class=\"elementor-divider-separator\">\n\t\t\t\t\t\t<\/span>\n\t\t<\/div>\n\t\t\t\t\t\t<\/div>\n\t\t\t\t<\/div>\n\t\t\t\t\t<\/div>\n\t\t<\/div>\n\t\t\t\t\t<\/div>\n\t\t<\/section>\n\t\t\t\t<\/div>\n\t\t","protected":false},"excerpt":{"rendered":"<p>20 years of the Memorial to the Murdered Jews of<\/p>\n","protected":false},"author":3,"featured_media":71829,"comment_status":"closed","ping_status":"closed","sticky":false,"template":"","format":"standard","meta":{"footnotes":""},"categories":[160,159],"tags":[],"class_list":{"0":"post-71854","1":"post","2":"type-post","3":"status-publish","4":"format-standard","5":"has-post-thumbnail","7":"category-latest-news","8":"category-press-release"},"yoast_head":"<!-- This site is optimized with the Yoast SEO plugin v27.5 - https:\/\/yoast.com\/product\/yoast-seo-wordpress\/ -->\n<title>Outlook for 2025 - Stiftung Denkmal f\u00fcr die ermordeten Juden Europas<\/title>\n<meta name=\"robots\" content=\"index, follow, max-snippet:-1, max-image-preview:large, max-video-preview:-1\" \/>\n<link rel=\"canonical\" href=\"https:\/\/www.stiftung-denkmal.de\/en\/latest-news\/outlook-for-2025\/\" \/>\n<meta property=\"og:locale\" content=\"en_US\" \/>\n<meta property=\"og:type\" content=\"article\" \/>\n<meta property=\"og:title\" content=\"Outlook for 2025 - Stiftung Denkmal f\u00fcr die ermordeten Juden Europas\" \/>\n<meta property=\"og:description\" content=\"20 years of the Memorial to the Murdered Jews of\" \/>\n<meta property=\"og:url\" content=\"https:\/\/www.stiftung-denkmal.de\/en\/latest-news\/outlook-for-2025\/\" \/>\n<meta property=\"og:site_name\" content=\"Stiftung Denkmal f\u00fcr die ermordeten Juden Europas\" \/>\n<meta property=\"article:published_time\" content=\"2025-02-20T10:07:54+00:00\" \/>\n<meta property=\"og:image\" content=\"https:\/\/www.stiftung-denkmal.de\/wp-content\/uploads\/DSC_8536.jpg\" \/>\n\t<meta property=\"og:image:width\" content=\"2000\" \/>\n\t<meta property=\"og:image:height\" content=\"1312\" \/>\n\t<meta property=\"og:image:type\" content=\"image\/jpeg\" \/>\n<meta name=\"author\" content=\"Felizitas Bborzym\" \/>\n<meta name=\"twitter:card\" content=\"summary_large_image\" \/>\n<meta name=\"twitter:label1\" content=\"Written by\" \/>\n\t<meta name=\"twitter:data1\" content=\"Felizitas Bborzym\" \/>\n\t<meta name=\"twitter:label2\" content=\"Est. reading time\" \/>\n\t<meta name=\"twitter:data2\" content=\"3 minutes\" \/>\n<script type=\"application\/ld+json\" class=\"yoast-schema-graph\">{\"@context\":\"https:\\\/\\\/schema.org\",\"@graph\":[{\"@type\":\"Article\",\"@id\":\"https:\\\/\\\/www.stiftung-denkmal.de\\\/en\\\/latest-news\\\/outlook-for-2025\\\/#article\",\"isPartOf\":{\"@id\":\"https:\\\/\\\/www.stiftung-denkmal.de\\\/en\\\/latest-news\\\/outlook-for-2025\\\/\"},\"author\":{\"name\":\"Felizitas Bborzym\",\"@id\":\"https:\\\/\\\/www.stiftung-denkmal.de\\\/en\\\/#\\\/schema\\\/person\\\/b56092e16835e179fdcf546b506f536e\"},\"headline\":\"Outlook for 2025\",\"datePublished\":\"2025-02-20T10:07:54+00:00\",\"mainEntityOfPage\":{\"@id\":\"https:\\\/\\\/www.stiftung-denkmal.de\\\/en\\\/latest-news\\\/outlook-for-2025\\\/\"},\"wordCount\":670,\"publisher\":{\"@id\":\"https:\\\/\\\/www.stiftung-denkmal.de\\\/en\\\/#organization\"},\"image\":{\"@id\":\"https:\\\/\\\/www.stiftung-denkmal.de\\\/en\\\/latest-news\\\/outlook-for-2025\\\/#primaryimage\"},\"thumbnailUrl\":\"https:\\\/\\\/www.stiftung-denkmal.de\\\/wp-content\\\/uploads\\\/DSC_8536.jpg\",\"articleSection\":[\"Latest News\",\"Press Release\"],\"inLanguage\":\"en-US\"},{\"@type\":\"WebPage\",\"@id\":\"https:\\\/\\\/www.stiftung-denkmal.de\\\/en\\\/latest-news\\\/outlook-for-2025\\\/\",\"url\":\"https:\\\/\\\/www.stiftung-denkmal.de\\\/en\\\/latest-news\\\/outlook-for-2025\\\/\",\"name\":\"Outlook for 2025 - Stiftung Denkmal f\u00fcr die ermordeten Juden Europas\",\"isPartOf\":{\"@id\":\"https:\\\/\\\/www.stiftung-denkmal.de\\\/en\\\/#website\"},\"primaryImageOfPage\":{\"@id\":\"https:\\\/\\\/www.stiftung-denkmal.de\\\/en\\\/latest-news\\\/outlook-for-2025\\\/#primaryimage\"},\"image\":{\"@id\":\"https:\\\/\\\/www.stiftung-denkmal.de\\\/en\\\/latest-news\\\/outlook-for-2025\\\/#primaryimage\"},\"thumbnailUrl\":\"https:\\\/\\\/www.stiftung-denkmal.de\\\/wp-content\\\/uploads\\\/DSC_8536.jpg\",\"datePublished\":\"2025-02-20T10:07:54+00:00\",\"breadcrumb\":{\"@id\":\"https:\\\/\\\/www.stiftung-denkmal.de\\\/en\\\/latest-news\\\/outlook-for-2025\\\/#breadcrumb\"},\"inLanguage\":\"en-US\",\"potentialAction\":[{\"@type\":\"ReadAction\",\"target\":[\"https:\\\/\\\/www.stiftung-denkmal.de\\\/en\\\/latest-news\\\/outlook-for-2025\\\/\"]}]},{\"@type\":\"ImageObject\",\"inLanguage\":\"en-US\",\"@id\":\"https:\\\/\\\/www.stiftung-denkmal.de\\\/en\\\/latest-news\\\/outlook-for-2025\\\/#primaryimage\",\"url\":\"https:\\\/\\\/www.stiftung-denkmal.de\\\/wp-content\\\/uploads\\\/DSC_8536.jpg\",\"contentUrl\":\"https:\\\/\\\/www.stiftung-denkmal.de\\\/wp-content\\\/uploads\\\/DSC_8536.jpg\",\"width\":2000,\"height\":1312,\"caption\":\"Denkmal f\u00fcr die ermordeten Juden Europas, Tag der Er\u00f6ffnung [#Beginning of Shooting Data Section] Nikon D1 Brennweite: 18mm Optimierung: Farbmodus: Rauschunterdr\u00fcckung: 2005\\\/05\\\/10 16:30:21.1 Belichtungskorrektur: Programmautomatik Wei\u00dfabgleich: Automatik Tonwertkorr.: Benutzerdefin. JPEG (8 Bit) Fein Belichtungsmessung: Mehrfeld AF Modus: AF-S Farbs\u00e4ttigung: Bildgr\u00f6\u00dfe: 2000 x 1312 1\\\/90 Sekunden - F\\\/4.8 Blitzsynchronisation: Nicht Beigef\u00fcgt Farbs\u00e4ttigung: Farbe Belichtungskorrektur: 0 LW Scharfzeichnung: Normal Objektiv: 18-35mm F\\\/3.5-4.5 Empfindlichkeit: ISO 200 Bildkommentar: Foto: borismehl.de [#End of Shooting Data Section]\"},{\"@type\":\"BreadcrumbList\",\"@id\":\"https:\\\/\\\/www.stiftung-denkmal.de\\\/en\\\/latest-news\\\/outlook-for-2025\\\/#breadcrumb\",\"itemListElement\":[{\"@type\":\"ListItem\",\"position\":1,\"name\":\"Startseite\",\"item\":\"https:\\\/\\\/www.stiftung-denkmal.de\\\/en\\\/\"},{\"@type\":\"ListItem\",\"position\":2,\"name\":\"Outlook for 2025\"}]},{\"@type\":\"WebSite\",\"@id\":\"https:\\\/\\\/www.stiftung-denkmal.de\\\/en\\\/#website\",\"url\":\"https:\\\/\\\/www.stiftung-denkmal.de\\\/en\\\/\",\"name\":\"Stiftung Denkmal f\u00fcr die ermordeten Juden Europas\",\"description\":\"\",\"publisher\":{\"@id\":\"https:\\\/\\\/www.stiftung-denkmal.de\\\/en\\\/#organization\"},\"potentialAction\":[{\"@type\":\"SearchAction\",\"target\":{\"@type\":\"EntryPoint\",\"urlTemplate\":\"https:\\\/\\\/www.stiftung-denkmal.de\\\/en\\\/?s={search_term_string}\"},\"query-input\":{\"@type\":\"PropertyValueSpecification\",\"valueRequired\":true,\"valueName\":\"search_term_string\"}}],\"inLanguage\":\"en-US\"},{\"@type\":\"Organization\",\"@id\":\"https:\\\/\\\/www.stiftung-denkmal.de\\\/en\\\/#organization\",\"name\":\"Stiftung Denkmal f\u00fcr die ermordeten Juden Europas\",\"url\":\"https:\\\/\\\/www.stiftung-denkmal.de\\\/en\\\/\",\"logo\":{\"@type\":\"ImageObject\",\"inLanguage\":\"en-US\",\"@id\":\"https:\\\/\\\/www.stiftung-denkmal.de\\\/en\\\/#\\\/schema\\\/logo\\\/image\\\/\",\"url\":\"https:\\\/\\\/www.stiftung-denkmal.de\\\/wp-content\\\/uploads\\\/LOGOPC_small.jpg\",\"contentUrl\":\"https:\\\/\\\/www.stiftung-denkmal.de\\\/wp-content\\\/uploads\\\/LOGOPC_small.jpg\",\"width\":128,\"height\":116,\"caption\":\"Stiftung Denkmal f\u00fcr die ermordeten Juden Europas\"},\"image\":{\"@id\":\"https:\\\/\\\/www.stiftung-denkmal.de\\\/en\\\/#\\\/schema\\\/logo\\\/image\\\/\"}},{\"@type\":\"Person\",\"@id\":\"https:\\\/\\\/www.stiftung-denkmal.de\\\/en\\\/#\\\/schema\\\/person\\\/b56092e16835e179fdcf546b506f536e\",\"name\":\"Felizitas Bborzym\"}]}<\/script>\n<!-- \/ Yoast SEO plugin. -->","yoast_head_json":{"title":"Outlook for 2025 - Stiftung Denkmal f\u00fcr die ermordeten Juden Europas","robots":{"index":"index","follow":"follow","max-snippet":"max-snippet:-1","max-image-preview":"max-image-preview:large","max-video-preview":"max-video-preview:-1"},"canonical":"https:\/\/www.stiftung-denkmal.de\/en\/latest-news\/outlook-for-2025\/","og_locale":"en_US","og_type":"article","og_title":"Outlook for 2025 - Stiftung Denkmal f\u00fcr die ermordeten Juden Europas","og_description":"20 years of the Memorial to the Murdered Jews of","og_url":"https:\/\/www.stiftung-denkmal.de\/en\/latest-news\/outlook-for-2025\/","og_site_name":"Stiftung Denkmal f\u00fcr die ermordeten Juden Europas","article_published_time":"2025-02-20T10:07:54+00:00","og_image":[{"width":2000,"height":1312,"url":"https:\/\/www.stiftung-denkmal.de\/wp-content\/uploads\/DSC_8536.jpg","type":"image\/jpeg"}],"author":"Felizitas Bborzym","twitter_card":"summary_large_image","twitter_misc":{"Written by":"Felizitas Bborzym","Est. reading time":"3 minutes"},"schema":{"@context":"https:\/\/schema.org","@graph":[{"@type":"Article","@id":"https:\/\/www.stiftung-denkmal.de\/en\/latest-news\/outlook-for-2025\/#article","isPartOf":{"@id":"https:\/\/www.stiftung-denkmal.de\/en\/latest-news\/outlook-for-2025\/"},"author":{"name":"Felizitas Bborzym","@id":"https:\/\/www.stiftung-denkmal.de\/en\/#\/schema\/person\/b56092e16835e179fdcf546b506f536e"},"headline":"Outlook for 2025","datePublished":"2025-02-20T10:07:54+00:00","mainEntityOfPage":{"@id":"https:\/\/www.stiftung-denkmal.de\/en\/latest-news\/outlook-for-2025\/"},"wordCount":670,"publisher":{"@id":"https:\/\/www.stiftung-denkmal.de\/en\/#organization"},"image":{"@id":"https:\/\/www.stiftung-denkmal.de\/en\/latest-news\/outlook-for-2025\/#primaryimage"},"thumbnailUrl":"https:\/\/www.stiftung-denkmal.de\/wp-content\/uploads\/DSC_8536.jpg","articleSection":["Latest News","Press Release"],"inLanguage":"en-US"},{"@type":"WebPage","@id":"https:\/\/www.stiftung-denkmal.de\/en\/latest-news\/outlook-for-2025\/","url":"https:\/\/www.stiftung-denkmal.de\/en\/latest-news\/outlook-for-2025\/","name":"Outlook for 2025 - Stiftung Denkmal f\u00fcr die ermordeten Juden Europas","isPartOf":{"@id":"https:\/\/www.stiftung-denkmal.de\/en\/#website"},"primaryImageOfPage":{"@id":"https:\/\/www.stiftung-denkmal.de\/en\/latest-news\/outlook-for-2025\/#primaryimage"},"image":{"@id":"https:\/\/www.stiftung-denkmal.de\/en\/latest-news\/outlook-for-2025\/#primaryimage"},"thumbnailUrl":"https:\/\/www.stiftung-denkmal.de\/wp-content\/uploads\/DSC_8536.jpg","datePublished":"2025-02-20T10:07:54+00:00","breadcrumb":{"@id":"https:\/\/www.stiftung-denkmal.de\/en\/latest-news\/outlook-for-2025\/#breadcrumb"},"inLanguage":"en-US","potentialAction":[{"@type":"ReadAction","target":["https:\/\/www.stiftung-denkmal.de\/en\/latest-news\/outlook-for-2025\/"]}]},{"@type":"ImageObject","inLanguage":"en-US","@id":"https:\/\/www.stiftung-denkmal.de\/en\/latest-news\/outlook-for-2025\/#primaryimage","url":"https:\/\/www.stiftung-denkmal.de\/wp-content\/uploads\/DSC_8536.jpg","contentUrl":"https:\/\/www.stiftung-denkmal.de\/wp-content\/uploads\/DSC_8536.jpg","width":2000,"height":1312,"caption":"Denkmal f\u00fcr die ermordeten Juden Europas, Tag der Er\u00f6ffnung [#Beginning of Shooting Data Section] Nikon D1 Brennweite: 18mm Optimierung: Farbmodus: Rauschunterdr\u00fcckung: 2005\/05\/10 16:30:21.1 Belichtungskorrektur: Programmautomatik Wei\u00dfabgleich: Automatik Tonwertkorr.: Benutzerdefin. JPEG (8 Bit) Fein Belichtungsmessung: Mehrfeld AF Modus: AF-S Farbs\u00e4ttigung: Bildgr\u00f6\u00dfe: 2000 x 1312 1\/90 Sekunden - F\/4.8 Blitzsynchronisation: Nicht Beigef\u00fcgt Farbs\u00e4ttigung: Farbe Belichtungskorrektur: 0 LW Scharfzeichnung: Normal Objektiv: 18-35mm F\/3.5-4.5 Empfindlichkeit: ISO 200 Bildkommentar: Foto: borismehl.de [#End of Shooting Data Section]"},{"@type":"BreadcrumbList","@id":"https:\/\/www.stiftung-denkmal.de\/en\/latest-news\/outlook-for-2025\/#breadcrumb","itemListElement":[{"@type":"ListItem","position":1,"name":"Startseite","item":"https:\/\/www.stiftung-denkmal.de\/en\/"},{"@type":"ListItem","position":2,"name":"Outlook for 2025"}]},{"@type":"WebSite","@id":"https:\/\/www.stiftung-denkmal.de\/en\/#website","url":"https:\/\/www.stiftung-denkmal.de\/en\/","name":"Stiftung Denkmal f\u00fcr die ermordeten Juden Europas","description":"","publisher":{"@id":"https:\/\/www.stiftung-denkmal.de\/en\/#organization"},"potentialAction":[{"@type":"SearchAction","target":{"@type":"EntryPoint","urlTemplate":"https:\/\/www.stiftung-denkmal.de\/en\/?s={search_term_string}"},"query-input":{"@type":"PropertyValueSpecification","valueRequired":true,"valueName":"search_term_string"}}],"inLanguage":"en-US"},{"@type":"Organization","@id":"https:\/\/www.stiftung-denkmal.de\/en\/#organization","name":"Stiftung Denkmal f\u00fcr die ermordeten Juden Europas","url":"https:\/\/www.stiftung-denkmal.de\/en\/","logo":{"@type":"ImageObject","inLanguage":"en-US","@id":"https:\/\/www.stiftung-denkmal.de\/en\/#\/schema\/logo\/image\/","url":"https:\/\/www.stiftung-denkmal.de\/wp-content\/uploads\/LOGOPC_small.jpg","contentUrl":"https:\/\/www.stiftung-denkmal.de\/wp-content\/uploads\/LOGOPC_small.jpg","width":128,"height":116,"caption":"Stiftung Denkmal f\u00fcr die ermordeten Juden Europas"},"image":{"@id":"https:\/\/www.stiftung-denkmal.de\/en\/#\/schema\/logo\/image\/"}},{"@type":"Person","@id":"https:\/\/www.stiftung-denkmal.de\/en\/#\/schema\/person\/b56092e16835e179fdcf546b506f536e","name":"Felizitas Bborzym"}]}},"_links":{"self":[{"href":"https:\/\/www.stiftung-denkmal.de\/en\/wp-json\/wp\/v2\/posts\/71854","targetHints":{"allow":["GET"]}}],"collection":[{"href":"https:\/\/www.stiftung-denkmal.de\/en\/wp-json\/wp\/v2\/posts"}],"about":[{"href":"https:\/\/www.stiftung-denkmal.de\/en\/wp-json\/wp\/v2\/types\/post"}],"author":[{"embeddable":true,"href":"https:\/\/www.stiftung-denkmal.de\/en\/wp-json\/wp\/v2\/users\/3"}],"replies":[{"embeddable":true,"href":"https:\/\/www.stiftung-denkmal.de\/en\/wp-json\/wp\/v2\/comments?post=71854"}],"version-history":[{"count":2,"href":"https:\/\/www.stiftung-denkmal.de\/en\/wp-json\/wp\/v2\/posts\/71854\/revisions"}],"predecessor-version":[{"id":72405,"href":"https:\/\/www.stiftung-denkmal.de\/en\/wp-json\/wp\/v2\/posts\/71854\/revisions\/72405"}],"wp:featuredmedia":[{"embeddable":true,"href":"https:\/\/www.stiftung-denkmal.de\/en\/wp-json\/wp\/v2\/media\/71829"}],"wp:attachment":[{"href":"https:\/\/www.stiftung-denkmal.de\/en\/wp-json\/wp\/v2\/media?parent=71854"}],"wp:term":[{"taxonomy":"category","embeddable":true,"href":"https:\/\/www.stiftung-denkmal.de\/en\/wp-json\/wp\/v2\/categories?post=71854"},{"taxonomy":"post_tag","embeddable":true,"href":"https:\/\/www.stiftung-denkmal.de\/en\/wp-json\/wp\/v2\/tags?post=71854"}],"curies":[{"name":"wp","href":"https:\/\/api.w.org\/{rel}","templated":true}]}}