{"id":62186,"date":"2023-06-11T14:00:00","date_gmt":"2023-06-11T12:00:00","guid":{"rendered":"https:\/\/www.stiftung-denkmal.de\/uncategorized\/40th-anniversary-of-the-working-group-for-the-study-of-national-socialist-euthanasia-and-forced-sterilization\/"},"modified":"2023-07-07T14:13:31","modified_gmt":"2023-07-07T12:13:31","slug":"40th-anniversary-of-the-working-group-for-the-study-of-national-socialist-euthanasia-and-forced-sterilization","status":"publish","type":"post","link":"https:\/\/www.stiftung-denkmal.de\/en\/latest-news\/40th-anniversary-of-the-working-group-for-the-study-of-national-socialist-euthanasia-and-forced-sterilization\/","title":{"rendered":"40th anniversary of the working group for the study of National Socialist \u00bbeuthanasia\u00ab and forced sterilization"},"content":{"rendered":"\t\t<div data-elementor-type=\"wp-post\" data-elementor-id=\"62186\" class=\"elementor elementor-62186 elementor-59917\" data-elementor-post-type=\"post\">\n\t\t\t\t\t\t<section class=\"elementor-section elementor-top-section elementor-element elementor-element-5015b36 elementor-section-boxed elementor-section-height-default elementor-section-height-default\" data-id=\"5015b36\" data-element_type=\"section\" data-e-type=\"section\">\n\t\t\t\t\t\t<div class=\"elementor-container elementor-column-gap-default\">\n\t\t\t\t\t<div class=\"elementor-column elementor-col-100 elementor-top-column elementor-element elementor-element-afe3bf0\" data-id=\"afe3bf0\" data-element_type=\"column\" data-e-type=\"column\">\n\t\t\t<div class=\"elementor-widget-wrap elementor-element-populated\">\n\t\t\t\t\t\t<div class=\"elementor-element elementor-element-dca8b7c elementor-widget elementor-widget-text-editor\" data-id=\"dca8b7c\" data-element_type=\"widget\" data-e-type=\"widget\" data-widget_type=\"text-editor.default\">\n\t\t\t\t<div class=\"elementor-widget-container\">\n\t\t\t\t\t\t\t\t\t<p>The spring meeting of the Working Group for the Study of National Socialist \u00bbEuthanasia\u00ab and Forced Sterilization in Berlin was organized by the F\u00f6rderkreis Gedenkort T4 e.V. and the GeDenkOrt. Charit\u00e9. It was supported by the Foundation Memorial to the Murdered Jews of Europe, the Parit\u00e4tischer Wohlfahrtsverband Landesverband Berlin e.V. and the Bundesvereinigung Lebenshilfe e.V.<\/p>\n<p>As part of the conference, a ceremony was held on 9 June at the State Representation of Baden-W\u00fcrttemberg on the occasion of the 40th anniversary of the working group.<\/p>\n<p>It was welcomed by Irit Kulzk and Dr. Michael Wunder. The Minister of State for Culture and the Media, Claudia Roth, spoke; J\u00fcrgen Dusel, the Federal Government Commissioner for the Interests of Persons with Disabilities and the Federal Government Commissioner for Jewish Life in Germany and the Fight against Anti-Semitism, Dr. Felix Klein; as well as Susanne Michl, Vice Dean for Academic Affairs, Charit\u00e9 \u2013 Universit\u00e4tsmedizin Berlin and Uwe Neum\u00e4rker, Director of the Foundation Memorial to the Murdered Jews of Europe. The keynote lecture was given by Dr. Michael Wunder (Hamburg). The main theme of the conference was &#8220;Medical Science under National Socialism and the Culture of Remembrance&#8221;.<\/p>\n<p>The full program can be found here <a href=\"https:\/\/www.stiftung-denkmal.de\/wp-content\/uploads\/2023-eFlyer3-GeDenkOrt-AK-FIN.pdf\">,<\/a> more information about the event <a href=\"https:\/\/gedenkort-t4.eu\/blog\/40-jahre-arbeitskreis-zur-erforschung-der-ns-euthanasie-und-zwangssterilisation\">here<\/a>.<\/p>\n\t\t\t\t\t\t\t\t<\/div>\n\t\t\t\t<\/div>\n\t\t\t\t\t<\/div>\n\t\t<\/div>\n\t\t\t\t\t<\/div>\n\t\t<\/section>\n\t\t\t\t<section class=\"elementor-section elementor-top-section elementor-element elementor-element-2423398 elementor-section-boxed elementor-section-height-default elementor-section-height-default\" data-id=\"2423398\" data-element_type=\"section\" data-e-type=\"section\">\n\t\t\t\t\t\t<div class=\"elementor-container elementor-column-gap-default\">\n\t\t\t\t\t<div class=\"elementor-column elementor-col-100 elementor-top-column elementor-element elementor-element-7d2a1bf\" data-id=\"7d2a1bf\" data-element_type=\"column\" data-e-type=\"column\">\n\t\t\t<div class=\"elementor-widget-wrap elementor-element-populated\">\n\t\t\t\t\t\t<div class=\"elementor-element elementor-element-1cd65f8 elementor-widget-divider--view-line elementor-widget elementor-widget-divider\" data-id=\"1cd65f8\" data-element_type=\"widget\" data-e-type=\"widget\" data-widget_type=\"divider.default\">\n\t\t\t\t<div class=\"elementor-widget-container\">\n\t\t\t\t\t\t\t<div class=\"elementor-divider\">\n\t\t\t<span class=\"elementor-divider-separator\">\n\t\t\t\t\t\t<\/span>\n\t\t<\/div>\n\t\t\t\t\t\t<\/div>\n\t\t\t\t<\/div>\n\t\t\t\t\t<\/div>\n\t\t<\/div>\n\t\t\t\t\t<\/div>\n\t\t<\/section>\n\t\t\t\t<section class=\"elementor-section elementor-top-section elementor-element elementor-element-5c49bdf4 elementor-section-boxed elementor-section-height-default elementor-section-height-default\" data-id=\"5c49bdf4\" data-element_type=\"section\" data-e-type=\"section\">\n\t\t\t\t\t\t<div class=\"elementor-container elementor-column-gap-default\">\n\t\t\t\t\t<div class=\"elementor-column elementor-col-100 elementor-top-column elementor-element elementor-element-43fce19\" data-id=\"43fce19\" data-element_type=\"column\" data-e-type=\"column\">\n\t\t\t<div class=\"elementor-widget-wrap elementor-element-populated\">\n\t\t\t\t\t\t<div class=\"elementor-element elementor-element-3e4c9ad4 gallery-spacing-custom elementor-widget elementor-widget-image-gallery\" data-id=\"3e4c9ad4\" data-element_type=\"widget\" data-e-type=\"widget\" data-widget_type=\"image-gallery.default\">\n\t\t\t\t<div class=\"elementor-widget-container\">\n\t\t\t\t\t\t\t<div class=\"elementor-image-gallery\">\n\t\t\t<div id='gallery-1' class='gallery galleryid-62186 gallery-columns-3 gallery-size-medium'><figure class='gallery-item'>\n\t\t\t<div class='gallery-icon landscape'>\n\t\t\t\t<a  href='https:\/\/www.stiftung-denkmal.de\/wp-content\/uploads\/20230609_Festakt_40Jahre_Arbeitskreis_\u00a9Stiftung_Denkmal_Foto_Marko_Priske-59.jpg'><img fetchpriority=\"high\" decoding=\"async\" width=\"300\" height=\"200\" src=\"https:\/\/www.stiftung-denkmal.de\/wp-content\/uploads\/20230609_Festakt_40Jahre_Arbeitskreis_\u00a9Stiftung_Denkmal_Foto_Marko_Priske-59-300x200.jpg\" class=\"attachment-medium size-medium\" alt=\"\" aria-describedby=\"gallery-1-61627\" srcset=\"https:\/\/www.stiftung-denkmal.de\/wp-content\/uploads\/20230609_Festakt_40Jahre_Arbeitskreis_\u00a9Stiftung_Denkmal_Foto_Marko_Priske-59-300x200.jpg 300w, https:\/\/www.stiftung-denkmal.de\/wp-content\/uploads\/20230609_Festakt_40Jahre_Arbeitskreis_\u00a9Stiftung_Denkmal_Foto_Marko_Priske-59-1280x853.jpg 1280w, https:\/\/www.stiftung-denkmal.de\/wp-content\/uploads\/20230609_Festakt_40Jahre_Arbeitskreis_\u00a9Stiftung_Denkmal_Foto_Marko_Priske-59-768x512.jpg 768w, https:\/\/www.stiftung-denkmal.de\/wp-content\/uploads\/20230609_Festakt_40Jahre_Arbeitskreis_\u00a9Stiftung_Denkmal_Foto_Marko_Priske-59-1536x1024.jpg 1536w, https:\/\/www.stiftung-denkmal.de\/wp-content\/uploads\/20230609_Festakt_40Jahre_Arbeitskreis_\u00a9Stiftung_Denkmal_Foto_Marko_Priske-59-600x400.jpg 600w, https:\/\/www.stiftung-denkmal.de\/wp-content\/uploads\/20230609_Festakt_40Jahre_Arbeitskreis_\u00a9Stiftung_Denkmal_Foto_Marko_Priske-59.jpg 2048w\" sizes=\"(max-width: 300px) 100vw, 300px\" \/><\/a>\n\t\t\t<\/div>\n\t\t\t\t<figcaption class='wp-caption-text gallery-caption' id='gallery-1-61627'>\n\t\t\t\tIrit Kulzk \u00a9Stiftung Denkmal Foto Marko Priske \n\t\t\t\t<\/figcaption><\/figure><figure class='gallery-item'>\n\t\t\t<div class='gallery-icon landscape'>\n\t\t\t\t<a  href='https:\/\/www.stiftung-denkmal.de\/wp-content\/uploads\/20230609_Festakt_40Jahre_Arbeitskreis_\u00a9Stiftung_Denkmal_Foto_Marko_Priske-4.jpg'><img decoding=\"async\" width=\"300\" height=\"200\" src=\"https:\/\/www.stiftung-denkmal.de\/wp-content\/uploads\/20230609_Festakt_40Jahre_Arbeitskreis_\u00a9Stiftung_Denkmal_Foto_Marko_Priske-4-300x200.jpg\" class=\"attachment-medium size-medium\" alt=\"Dr. Michael Wunder \u00a9 Stiftung Denkmal Foto Marko Priske\" aria-describedby=\"gallery-1-61559\" srcset=\"https:\/\/www.stiftung-denkmal.de\/wp-content\/uploads\/20230609_Festakt_40Jahre_Arbeitskreis_\u00a9Stiftung_Denkmal_Foto_Marko_Priske-4-300x200.jpg 300w, https:\/\/www.stiftung-denkmal.de\/wp-content\/uploads\/20230609_Festakt_40Jahre_Arbeitskreis_\u00a9Stiftung_Denkmal_Foto_Marko_Priske-4-1280x853.jpg 1280w, https:\/\/www.stiftung-denkmal.de\/wp-content\/uploads\/20230609_Festakt_40Jahre_Arbeitskreis_\u00a9Stiftung_Denkmal_Foto_Marko_Priske-4-768x512.jpg 768w, https:\/\/www.stiftung-denkmal.de\/wp-content\/uploads\/20230609_Festakt_40Jahre_Arbeitskreis_\u00a9Stiftung_Denkmal_Foto_Marko_Priske-4-1536x1024.jpg 1536w, https:\/\/www.stiftung-denkmal.de\/wp-content\/uploads\/20230609_Festakt_40Jahre_Arbeitskreis_\u00a9Stiftung_Denkmal_Foto_Marko_Priske-4-600x400.jpg 600w, https:\/\/www.stiftung-denkmal.de\/wp-content\/uploads\/20230609_Festakt_40Jahre_Arbeitskreis_\u00a9Stiftung_Denkmal_Foto_Marko_Priske-4.jpg 2048w\" sizes=\"(max-width: 300px) 100vw, 300px\" \/><\/a>\n\t\t\t<\/div>\n\t\t\t\t<figcaption class='wp-caption-text gallery-caption' id='gallery-1-61559'>\n\t\t\t\t\u00a9Stiftung Denkmal Foto Marko Priske (4)\n\t\t\t\t<\/figcaption><\/figure><figure class='gallery-item'>\n\t\t\t<div class='gallery-icon landscape'>\n\t\t\t\t<a  href='https:\/\/www.stiftung-denkmal.de\/wp-content\/uploads\/20230609_Festakt_40Jahre_Arbeitskreis_\u00a9Stiftung_Denkmal_Foto_Marko_Priske-13.jpg'><img decoding=\"async\" width=\"300\" height=\"200\" src=\"https:\/\/www.stiftung-denkmal.de\/wp-content\/uploads\/20230609_Festakt_40Jahre_Arbeitskreis_\u00a9Stiftung_Denkmal_Foto_Marko_Priske-13-300x200.jpg\" class=\"attachment-medium size-medium\" alt=\"\" aria-describedby=\"gallery-1-61566\" srcset=\"https:\/\/www.stiftung-denkmal.de\/wp-content\/uploads\/20230609_Festakt_40Jahre_Arbeitskreis_\u00a9Stiftung_Denkmal_Foto_Marko_Priske-13-300x200.jpg 300w, https:\/\/www.stiftung-denkmal.de\/wp-content\/uploads\/20230609_Festakt_40Jahre_Arbeitskreis_\u00a9Stiftung_Denkmal_Foto_Marko_Priske-13-1280x853.jpg 1280w, https:\/\/www.stiftung-denkmal.de\/wp-content\/uploads\/20230609_Festakt_40Jahre_Arbeitskreis_\u00a9Stiftung_Denkmal_Foto_Marko_Priske-13-768x512.jpg 768w, https:\/\/www.stiftung-denkmal.de\/wp-content\/uploads\/20230609_Festakt_40Jahre_Arbeitskreis_\u00a9Stiftung_Denkmal_Foto_Marko_Priske-13-1536x1024.jpg 1536w, https:\/\/www.stiftung-denkmal.de\/wp-content\/uploads\/20230609_Festakt_40Jahre_Arbeitskreis_\u00a9Stiftung_Denkmal_Foto_Marko_Priske-13-600x400.jpg 600w, https:\/\/www.stiftung-denkmal.de\/wp-content\/uploads\/20230609_Festakt_40Jahre_Arbeitskreis_\u00a9Stiftung_Denkmal_Foto_Marko_Priske-13.jpg 2048w\" sizes=\"(max-width: 300px) 100vw, 300px\" \/><\/a>\n\t\t\t<\/div>\n\t\t\t\t<figcaption class='wp-caption-text gallery-caption' id='gallery-1-61566'>\n\t\t\t\t \u00a9Stiftung Denkmal Foto Marko Priske \n\t\t\t\t<\/figcaption><\/figure><figure class='gallery-item'>\n\t\t\t<div class='gallery-icon landscape'>\n\t\t\t\t<a  href='https:\/\/www.stiftung-denkmal.de\/wp-content\/uploads\/20230609_Festakt_40Jahre_Arbeitskreis_\u00a9Stiftung_Denkmal_Foto_Marko_Priske-40.jpg'><img loading=\"lazy\" decoding=\"async\" width=\"300\" height=\"200\" src=\"https:\/\/www.stiftung-denkmal.de\/wp-content\/uploads\/20230609_Festakt_40Jahre_Arbeitskreis_\u00a9Stiftung_Denkmal_Foto_Marko_Priske-40-300x200.jpg\" class=\"attachment-medium size-medium\" alt=\"\" aria-describedby=\"gallery-1-61624\" srcset=\"https:\/\/www.stiftung-denkmal.de\/wp-content\/uploads\/20230609_Festakt_40Jahre_Arbeitskreis_\u00a9Stiftung_Denkmal_Foto_Marko_Priske-40-300x200.jpg 300w, https:\/\/www.stiftung-denkmal.de\/wp-content\/uploads\/20230609_Festakt_40Jahre_Arbeitskreis_\u00a9Stiftung_Denkmal_Foto_Marko_Priske-40-1280x853.jpg 1280w, https:\/\/www.stiftung-denkmal.de\/wp-content\/uploads\/20230609_Festakt_40Jahre_Arbeitskreis_\u00a9Stiftung_Denkmal_Foto_Marko_Priske-40-768x512.jpg 768w, https:\/\/www.stiftung-denkmal.de\/wp-content\/uploads\/20230609_Festakt_40Jahre_Arbeitskreis_\u00a9Stiftung_Denkmal_Foto_Marko_Priske-40-1536x1024.jpg 1536w, https:\/\/www.stiftung-denkmal.de\/wp-content\/uploads\/20230609_Festakt_40Jahre_Arbeitskreis_\u00a9Stiftung_Denkmal_Foto_Marko_Priske-40-600x400.jpg 600w, https:\/\/www.stiftung-denkmal.de\/wp-content\/uploads\/20230609_Festakt_40Jahre_Arbeitskreis_\u00a9Stiftung_Denkmal_Foto_Marko_Priske-40.jpg 2048w\" sizes=\"(max-width: 300px) 100vw, 300px\" \/><\/a>\n\t\t\t<\/div>\n\t\t\t\t<figcaption class='wp-caption-text gallery-caption' id='gallery-1-61624'>\n\t\t\t\tClaudia Roth \u00a9Stiftung Denkmal Foto Marko Priske \n\t\t\t\t<\/figcaption><\/figure><figure class='gallery-item'>\n\t\t\t<div class='gallery-icon landscape'>\n\t\t\t\t<a  href='https:\/\/www.stiftung-denkmal.de\/wp-content\/uploads\/20230609_Festakt_40Jahre_Arbeitskreis_\u00a9Stiftung_Denkmal_Foto_Marko_Priske-62.jpg'><img loading=\"lazy\" decoding=\"async\" width=\"300\" height=\"200\" src=\"https:\/\/www.stiftung-denkmal.de\/wp-content\/uploads\/20230609_Festakt_40Jahre_Arbeitskreis_\u00a9Stiftung_Denkmal_Foto_Marko_Priske-62-300x200.jpg\" class=\"attachment-medium size-medium\" alt=\"20230609 Festakt 40Jahre Arbeitskreis \u00a9Stiftung Denkmal Foto Marko Priske (62)\" aria-describedby=\"gallery-1-61631\" srcset=\"https:\/\/www.stiftung-denkmal.de\/wp-content\/uploads\/20230609_Festakt_40Jahre_Arbeitskreis_\u00a9Stiftung_Denkmal_Foto_Marko_Priske-62-300x200.jpg 300w, https:\/\/www.stiftung-denkmal.de\/wp-content\/uploads\/20230609_Festakt_40Jahre_Arbeitskreis_\u00a9Stiftung_Denkmal_Foto_Marko_Priske-62-1280x853.jpg 1280w, https:\/\/www.stiftung-denkmal.de\/wp-content\/uploads\/20230609_Festakt_40Jahre_Arbeitskreis_\u00a9Stiftung_Denkmal_Foto_Marko_Priske-62-768x512.jpg 768w, https:\/\/www.stiftung-denkmal.de\/wp-content\/uploads\/20230609_Festakt_40Jahre_Arbeitskreis_\u00a9Stiftung_Denkmal_Foto_Marko_Priske-62-1536x1024.jpg 1536w, https:\/\/www.stiftung-denkmal.de\/wp-content\/uploads\/20230609_Festakt_40Jahre_Arbeitskreis_\u00a9Stiftung_Denkmal_Foto_Marko_Priske-62-600x400.jpg 600w, https:\/\/www.stiftung-denkmal.de\/wp-content\/uploads\/20230609_Festakt_40Jahre_Arbeitskreis_\u00a9Stiftung_Denkmal_Foto_Marko_Priske-62.jpg 2048w\" sizes=\"(max-width: 300px) 100vw, 300px\" \/><\/a>\n\t\t\t<\/div>\n\t\t\t\t<figcaption class='wp-caption-text gallery-caption' id='gallery-1-61631'>\n\t\t\t\tJ\u00fcrgen Dusel \u00a9 Stiftung Denkmal Foto Marko Priske\n\t\t\t\t<\/figcaption><\/figure><figure class='gallery-item'>\n\t\t\t<div class='gallery-icon landscape'>\n\t\t\t\t<a  href='https:\/\/www.stiftung-denkmal.de\/wp-content\/uploads\/20230609_Festakt_40Jahre_Arbeitskreis_\u00a9Stiftung_Denkmal_Foto_Marko_Priske-80.jpg'><img loading=\"lazy\" decoding=\"async\" width=\"300\" height=\"200\" src=\"https:\/\/www.stiftung-denkmal.de\/wp-content\/uploads\/20230609_Festakt_40Jahre_Arbeitskreis_\u00a9Stiftung_Denkmal_Foto_Marko_Priske-80-300x200.jpg\" class=\"attachment-medium size-medium\" alt=\"\" aria-describedby=\"gallery-1-61649\" srcset=\"https:\/\/www.stiftung-denkmal.de\/wp-content\/uploads\/20230609_Festakt_40Jahre_Arbeitskreis_\u00a9Stiftung_Denkmal_Foto_Marko_Priske-80-300x200.jpg 300w, https:\/\/www.stiftung-denkmal.de\/wp-content\/uploads\/20230609_Festakt_40Jahre_Arbeitskreis_\u00a9Stiftung_Denkmal_Foto_Marko_Priske-80-1280x853.jpg 1280w, https:\/\/www.stiftung-denkmal.de\/wp-content\/uploads\/20230609_Festakt_40Jahre_Arbeitskreis_\u00a9Stiftung_Denkmal_Foto_Marko_Priske-80-768x512.jpg 768w, https:\/\/www.stiftung-denkmal.de\/wp-content\/uploads\/20230609_Festakt_40Jahre_Arbeitskreis_\u00a9Stiftung_Denkmal_Foto_Marko_Priske-80-1536x1024.jpg 1536w, https:\/\/www.stiftung-denkmal.de\/wp-content\/uploads\/20230609_Festakt_40Jahre_Arbeitskreis_\u00a9Stiftung_Denkmal_Foto_Marko_Priske-80-600x400.jpg 600w, https:\/\/www.stiftung-denkmal.de\/wp-content\/uploads\/20230609_Festakt_40Jahre_Arbeitskreis_\u00a9Stiftung_Denkmal_Foto_Marko_Priske-80.jpg 2048w\" sizes=\"(max-width: 300px) 100vw, 300px\" \/><\/a>\n\t\t\t<\/div>\n\t\t\t\t<figcaption class='wp-caption-text gallery-caption' id='gallery-1-61649'>\n\t\t\t\tFelix Klein \u00a9 Stiftung Denkmal Foto Marko Priske \n\t\t\t\t<\/figcaption><\/figure><figure class='gallery-item'>\n\t\t\t<div class='gallery-icon landscape'>\n\t\t\t\t<a  href='https:\/\/www.stiftung-denkmal.de\/wp-content\/uploads\/20230609_Festakt_40Jahre_Arbeitskreis_\u00a9Stiftung_Denkmal_Foto_Marko_Priske-90.jpg'><img loading=\"lazy\" decoding=\"async\" width=\"300\" height=\"200\" src=\"https:\/\/www.stiftung-denkmal.de\/wp-content\/uploads\/20230609_Festakt_40Jahre_Arbeitskreis_\u00a9Stiftung_Denkmal_Foto_Marko_Priske-90-300x200.jpg\" class=\"attachment-medium size-medium\" alt=\"\" aria-describedby=\"gallery-1-61661\" srcset=\"https:\/\/www.stiftung-denkmal.de\/wp-content\/uploads\/20230609_Festakt_40Jahre_Arbeitskreis_\u00a9Stiftung_Denkmal_Foto_Marko_Priske-90-300x200.jpg 300w, https:\/\/www.stiftung-denkmal.de\/wp-content\/uploads\/20230609_Festakt_40Jahre_Arbeitskreis_\u00a9Stiftung_Denkmal_Foto_Marko_Priske-90-1280x853.jpg 1280w, https:\/\/www.stiftung-denkmal.de\/wp-content\/uploads\/20230609_Festakt_40Jahre_Arbeitskreis_\u00a9Stiftung_Denkmal_Foto_Marko_Priske-90-768x512.jpg 768w, https:\/\/www.stiftung-denkmal.de\/wp-content\/uploads\/20230609_Festakt_40Jahre_Arbeitskreis_\u00a9Stiftung_Denkmal_Foto_Marko_Priske-90-1536x1024.jpg 1536w, https:\/\/www.stiftung-denkmal.de\/wp-content\/uploads\/20230609_Festakt_40Jahre_Arbeitskreis_\u00a9Stiftung_Denkmal_Foto_Marko_Priske-90-600x400.jpg 600w, https:\/\/www.stiftung-denkmal.de\/wp-content\/uploads\/20230609_Festakt_40Jahre_Arbeitskreis_\u00a9Stiftung_Denkmal_Foto_Marko_Priske-90.jpg 2048w\" sizes=\"(max-width: 300px) 100vw, 300px\" \/><\/a>\n\t\t\t<\/div>\n\t\t\t\t<figcaption class='wp-caption-text gallery-caption' id='gallery-1-61661'>\n\t\t\t\t\u00a9 Stiftung Denkmal Foto Marko Priske \n\t\t\t\t<\/figcaption><\/figure><figure class='gallery-item'>\n\t\t\t<div class='gallery-icon landscape'>\n\t\t\t\t<a  href='https:\/\/www.stiftung-denkmal.de\/wp-content\/uploads\/20230609_Festakt_40Jahre_Arbeitskreis_\u00a9Stiftung_Denkmal_Foto_Marko_Priske-101.jpg'><img loading=\"lazy\" decoding=\"async\" width=\"300\" height=\"200\" src=\"https:\/\/www.stiftung-denkmal.de\/wp-content\/uploads\/20230609_Festakt_40Jahre_Arbeitskreis_\u00a9Stiftung_Denkmal_Foto_Marko_Priske-101-300x200.jpg\" class=\"attachment-medium size-medium\" alt=\"\" aria-describedby=\"gallery-1-61658\" srcset=\"https:\/\/www.stiftung-denkmal.de\/wp-content\/uploads\/20230609_Festakt_40Jahre_Arbeitskreis_\u00a9Stiftung_Denkmal_Foto_Marko_Priske-101-300x200.jpg 300w, https:\/\/www.stiftung-denkmal.de\/wp-content\/uploads\/20230609_Festakt_40Jahre_Arbeitskreis_\u00a9Stiftung_Denkmal_Foto_Marko_Priske-101-1280x853.jpg 1280w, https:\/\/www.stiftung-denkmal.de\/wp-content\/uploads\/20230609_Festakt_40Jahre_Arbeitskreis_\u00a9Stiftung_Denkmal_Foto_Marko_Priske-101-768x512.jpg 768w, https:\/\/www.stiftung-denkmal.de\/wp-content\/uploads\/20230609_Festakt_40Jahre_Arbeitskreis_\u00a9Stiftung_Denkmal_Foto_Marko_Priske-101-1536x1024.jpg 1536w, https:\/\/www.stiftung-denkmal.de\/wp-content\/uploads\/20230609_Festakt_40Jahre_Arbeitskreis_\u00a9Stiftung_Denkmal_Foto_Marko_Priske-101-600x400.jpg 600w, https:\/\/www.stiftung-denkmal.de\/wp-content\/uploads\/20230609_Festakt_40Jahre_Arbeitskreis_\u00a9Stiftung_Denkmal_Foto_Marko_Priske-101.jpg 2048w\" sizes=\"(max-width: 300px) 100vw, 300px\" \/><\/a>\n\t\t\t<\/div>\n\t\t\t\t<figcaption class='wp-caption-text gallery-caption' id='gallery-1-61658'>\n\t\t\t\tUwe Neum\u00e4rker \u00a9 Stiftung Denkmal Foto Marko Priske \n\t\t\t\t<\/figcaption><\/figure>\n\t\t<\/div>\n\t\t<\/div>\n\t\t\t\t\t\t<\/div>\n\t\t\t\t<\/div>\n\t\t\t\t\t<\/div>\n\t\t<\/div>\n\t\t\t\t\t<\/div>\n\t\t<\/section>\n\t\t\t\t<\/div>\n\t\t","protected":false},"excerpt":{"rendered":"<p>Medical Science under National Socialism and the Culture of Remembrance<\/p>\n","protected":false},"author":7,"featured_media":61617,"comment_status":"closed","ping_status":"closed","sticky":false,"template":"","format":"standard","meta":{"footnotes":""},"categories":[160,350],"tags":[],"class_list":{"0":"post-62186","1":"post","2":"type-post","3":"status-publish","4":"format-standard","5":"has-post-thumbnail","7":"category-latest-news","8":"category-workshop-report"},"yoast_head":"<!-- This site is optimized with the Yoast SEO plugin v27.5 - https:\/\/yoast.com\/product\/yoast-seo-wordpress\/ -->\n<title>40th anniversary of the working group for the study of National Socialist \u00bbeuthanasia\u00ab and forced sterilization - Stiftung Denkmal f\u00fcr die ermordeten Juden Europas<\/title>\n<meta name=\"robots\" content=\"index, follow, max-snippet:-1, max-image-preview:large, max-video-preview:-1\" \/>\n<link rel=\"canonical\" href=\"https:\/\/www.stiftung-denkmal.de\/en\/latest-news\/40th-anniversary-of-the-working-group-for-the-study-of-national-socialist-euthanasia-and-forced-sterilization\/\" \/>\n<meta property=\"og:locale\" content=\"en_US\" \/>\n<meta property=\"og:type\" content=\"article\" \/>\n<meta property=\"og:title\" content=\"40th anniversary of the working group for the study of National Socialist \u00bbeuthanasia\u00ab and forced sterilization - Stiftung Denkmal f\u00fcr die ermordeten Juden Europas\" \/>\n<meta property=\"og:description\" content=\"Medical Science under National Socialism and the Culture of Remembrance\" \/>\n<meta property=\"og:url\" content=\"https:\/\/www.stiftung-denkmal.de\/en\/latest-news\/40th-anniversary-of-the-working-group-for-the-study-of-national-socialist-euthanasia-and-forced-sterilization\/\" \/>\n<meta property=\"og:site_name\" content=\"Stiftung Denkmal f\u00fcr die ermordeten Juden Europas\" \/>\n<meta property=\"article:published_time\" content=\"2023-06-11T12:00:00+00:00\" \/>\n<meta property=\"article:modified_time\" content=\"2023-07-07T12:13:31+00:00\" \/>\n<meta property=\"og:image\" content=\"https:\/\/www.stiftung-denkmal.de\/wp-content\/uploads\/20230609_Festakt_40Jahre_Arbeitskreis_\u00a9Stiftung_Denkmal_Foto_Marko_Priske-50.jpg\" \/>\n\t<meta property=\"og:image:width\" content=\"2048\" \/>\n\t<meta property=\"og:image:height\" content=\"1365\" \/>\n\t<meta property=\"og:image:type\" content=\"image\/jpeg\" \/>\n<meta name=\"author\" content=\"Elena Schaetz\" \/>\n<meta name=\"twitter:card\" content=\"summary_large_image\" \/>\n<meta name=\"twitter:label1\" content=\"Written by\" \/>\n\t<meta name=\"twitter:data1\" content=\"Elena Schaetz\" \/>\n\t<meta name=\"twitter:label2\" content=\"Est. reading time\" \/>\n\t<meta name=\"twitter:data2\" content=\"1 minute\" \/>\n<script type=\"application\/ld+json\" class=\"yoast-schema-graph\">{\"@context\":\"https:\\\/\\\/schema.org\",\"@graph\":[{\"@type\":\"Article\",\"@id\":\"https:\\\/\\\/www.stiftung-denkmal.de\\\/en\\\/latest-news\\\/40th-anniversary-of-the-working-group-for-the-study-of-national-socialist-euthanasia-and-forced-sterilization\\\/#article\",\"isPartOf\":{\"@id\":\"https:\\\/\\\/www.stiftung-denkmal.de\\\/en\\\/latest-news\\\/40th-anniversary-of-the-working-group-for-the-study-of-national-socialist-euthanasia-and-forced-sterilization\\\/\"},\"author\":{\"name\":\"Elena Schaetz\",\"@id\":\"https:\\\/\\\/www.stiftung-denkmal.de\\\/en\\\/#\\\/schema\\\/person\\\/13cc31a9bb8e153a892a3cb93cb3f466\"},\"headline\":\"40th anniversary of the working group for the study of National Socialist \u00bbeuthanasia\u00ab and forced sterilization\",\"datePublished\":\"2023-06-11T12:00:00+00:00\",\"dateModified\":\"2023-07-07T12:13:31+00:00\",\"mainEntityOfPage\":{\"@id\":\"https:\\\/\\\/www.stiftung-denkmal.de\\\/en\\\/latest-news\\\/40th-anniversary-of-the-working-group-for-the-study-of-national-socialist-euthanasia-and-forced-sterilization\\\/\"},\"wordCount\":292,\"publisher\":{\"@id\":\"https:\\\/\\\/www.stiftung-denkmal.de\\\/en\\\/#organization\"},\"image\":{\"@id\":\"https:\\\/\\\/www.stiftung-denkmal.de\\\/en\\\/latest-news\\\/40th-anniversary-of-the-working-group-for-the-study-of-national-socialist-euthanasia-and-forced-sterilization\\\/#primaryimage\"},\"thumbnailUrl\":\"https:\\\/\\\/www.stiftung-denkmal.de\\\/wp-content\\\/uploads\\\/20230609_Festakt_40Jahre_Arbeitskreis_\u00a9Stiftung_Denkmal_Foto_Marko_Priske-50.jpg\",\"articleSection\":[\"Latest News\",\"Workshop report\"],\"inLanguage\":\"en-US\"},{\"@type\":\"WebPage\",\"@id\":\"https:\\\/\\\/www.stiftung-denkmal.de\\\/en\\\/latest-news\\\/40th-anniversary-of-the-working-group-for-the-study-of-national-socialist-euthanasia-and-forced-sterilization\\\/\",\"url\":\"https:\\\/\\\/www.stiftung-denkmal.de\\\/en\\\/latest-news\\\/40th-anniversary-of-the-working-group-for-the-study-of-national-socialist-euthanasia-and-forced-sterilization\\\/\",\"name\":\"40th anniversary of the working group for the study of National Socialist \u00bbeuthanasia\u00ab and forced sterilization - Stiftung Denkmal f\u00fcr die ermordeten Juden Europas\",\"isPartOf\":{\"@id\":\"https:\\\/\\\/www.stiftung-denkmal.de\\\/en\\\/#website\"},\"primaryImageOfPage\":{\"@id\":\"https:\\\/\\\/www.stiftung-denkmal.de\\\/en\\\/latest-news\\\/40th-anniversary-of-the-working-group-for-the-study-of-national-socialist-euthanasia-and-forced-sterilization\\\/#primaryimage\"},\"image\":{\"@id\":\"https:\\\/\\\/www.stiftung-denkmal.de\\\/en\\\/latest-news\\\/40th-anniversary-of-the-working-group-for-the-study-of-national-socialist-euthanasia-and-forced-sterilization\\\/#primaryimage\"},\"thumbnailUrl\":\"https:\\\/\\\/www.stiftung-denkmal.de\\\/wp-content\\\/uploads\\\/20230609_Festakt_40Jahre_Arbeitskreis_\u00a9Stiftung_Denkmal_Foto_Marko_Priske-50.jpg\",\"datePublished\":\"2023-06-11T12:00:00+00:00\",\"dateModified\":\"2023-07-07T12:13:31+00:00\",\"breadcrumb\":{\"@id\":\"https:\\\/\\\/www.stiftung-denkmal.de\\\/en\\\/latest-news\\\/40th-anniversary-of-the-working-group-for-the-study-of-national-socialist-euthanasia-and-forced-sterilization\\\/#breadcrumb\"},\"inLanguage\":\"en-US\",\"potentialAction\":[{\"@type\":\"ReadAction\",\"target\":[\"https:\\\/\\\/www.stiftung-denkmal.de\\\/en\\\/latest-news\\\/40th-anniversary-of-the-working-group-for-the-study-of-national-socialist-euthanasia-and-forced-sterilization\\\/\"]}]},{\"@type\":\"ImageObject\",\"inLanguage\":\"en-US\",\"@id\":\"https:\\\/\\\/www.stiftung-denkmal.de\\\/en\\\/latest-news\\\/40th-anniversary-of-the-working-group-for-the-study-of-national-socialist-euthanasia-and-forced-sterilization\\\/#primaryimage\",\"url\":\"https:\\\/\\\/www.stiftung-denkmal.de\\\/wp-content\\\/uploads\\\/20230609_Festakt_40Jahre_Arbeitskreis_\u00a9Stiftung_Denkmal_Foto_Marko_Priske-50.jpg\",\"contentUrl\":\"https:\\\/\\\/www.stiftung-denkmal.de\\\/wp-content\\\/uploads\\\/20230609_Festakt_40Jahre_Arbeitskreis_\u00a9Stiftung_Denkmal_Foto_Marko_Priske-50.jpg\",\"width\":2048,\"height\":1365},{\"@type\":\"BreadcrumbList\",\"@id\":\"https:\\\/\\\/www.stiftung-denkmal.de\\\/en\\\/latest-news\\\/40th-anniversary-of-the-working-group-for-the-study-of-national-socialist-euthanasia-and-forced-sterilization\\\/#breadcrumb\",\"itemListElement\":[{\"@type\":\"ListItem\",\"position\":1,\"name\":\"Startseite\",\"item\":\"https:\\\/\\\/www.stiftung-denkmal.de\\\/en\\\/\"},{\"@type\":\"ListItem\",\"position\":2,\"name\":\"40th anniversary of the working group for the study of National Socialist \u00bbeuthanasia\u00ab and forced sterilization\"}]},{\"@type\":\"WebSite\",\"@id\":\"https:\\\/\\\/www.stiftung-denkmal.de\\\/en\\\/#website\",\"url\":\"https:\\\/\\\/www.stiftung-denkmal.de\\\/en\\\/\",\"name\":\"Stiftung Denkmal f\u00fcr die ermordeten Juden Europas\",\"description\":\"\",\"publisher\":{\"@id\":\"https:\\\/\\\/www.stiftung-denkmal.de\\\/en\\\/#organization\"},\"potentialAction\":[{\"@type\":\"SearchAction\",\"target\":{\"@type\":\"EntryPoint\",\"urlTemplate\":\"https:\\\/\\\/www.stiftung-denkmal.de\\\/en\\\/?s={search_term_string}\"},\"query-input\":{\"@type\":\"PropertyValueSpecification\",\"valueRequired\":true,\"valueName\":\"search_term_string\"}}],\"inLanguage\":\"en-US\"},{\"@type\":\"Organization\",\"@id\":\"https:\\\/\\\/www.stiftung-denkmal.de\\\/en\\\/#organization\",\"name\":\"Stiftung Denkmal f\u00fcr die ermordeten Juden Europas\",\"url\":\"https:\\\/\\\/www.stiftung-denkmal.de\\\/en\\\/\",\"logo\":{\"@type\":\"ImageObject\",\"inLanguage\":\"en-US\",\"@id\":\"https:\\\/\\\/www.stiftung-denkmal.de\\\/en\\\/#\\\/schema\\\/logo\\\/image\\\/\",\"url\":\"https:\\\/\\\/www.stiftung-denkmal.de\\\/wp-content\\\/uploads\\\/LOGOPC_small.jpg\",\"contentUrl\":\"https:\\\/\\\/www.stiftung-denkmal.de\\\/wp-content\\\/uploads\\\/LOGOPC_small.jpg\",\"width\":128,\"height\":116,\"caption\":\"Stiftung Denkmal f\u00fcr die ermordeten Juden Europas\"},\"image\":{\"@id\":\"https:\\\/\\\/www.stiftung-denkmal.de\\\/en\\\/#\\\/schema\\\/logo\\\/image\\\/\"}},{\"@type\":\"Person\",\"@id\":\"https:\\\/\\\/www.stiftung-denkmal.de\\\/en\\\/#\\\/schema\\\/person\\\/13cc31a9bb8e153a892a3cb93cb3f466\",\"name\":\"Elena Schaetz\"}]}<\/script>\n<!-- \/ Yoast SEO plugin. -->","yoast_head_json":{"title":"40th anniversary of the working group for the study of National Socialist \u00bbeuthanasia\u00ab and forced sterilization - Stiftung Denkmal f\u00fcr die ermordeten Juden Europas","robots":{"index":"index","follow":"follow","max-snippet":"max-snippet:-1","max-image-preview":"max-image-preview:large","max-video-preview":"max-video-preview:-1"},"canonical":"https:\/\/www.stiftung-denkmal.de\/en\/latest-news\/40th-anniversary-of-the-working-group-for-the-study-of-national-socialist-euthanasia-and-forced-sterilization\/","og_locale":"en_US","og_type":"article","og_title":"40th anniversary of the working group for the study of National Socialist \u00bbeuthanasia\u00ab and forced sterilization - Stiftung Denkmal f\u00fcr die ermordeten Juden Europas","og_description":"Medical Science under National Socialism and the Culture of Remembrance","og_url":"https:\/\/www.stiftung-denkmal.de\/en\/latest-news\/40th-anniversary-of-the-working-group-for-the-study-of-national-socialist-euthanasia-and-forced-sterilization\/","og_site_name":"Stiftung Denkmal f\u00fcr die ermordeten Juden Europas","article_published_time":"2023-06-11T12:00:00+00:00","article_modified_time":"2023-07-07T12:13:31+00:00","og_image":[{"width":2048,"height":1365,"url":"https:\/\/www.stiftung-denkmal.de\/wp-content\/uploads\/20230609_Festakt_40Jahre_Arbeitskreis_\u00a9Stiftung_Denkmal_Foto_Marko_Priske-50.jpg","type":"image\/jpeg"}],"author":"Elena Schaetz","twitter_card":"summary_large_image","twitter_misc":{"Written by":"Elena Schaetz","Est. reading time":"1 minute"},"schema":{"@context":"https:\/\/schema.org","@graph":[{"@type":"Article","@id":"https:\/\/www.stiftung-denkmal.de\/en\/latest-news\/40th-anniversary-of-the-working-group-for-the-study-of-national-socialist-euthanasia-and-forced-sterilization\/#article","isPartOf":{"@id":"https:\/\/www.stiftung-denkmal.de\/en\/latest-news\/40th-anniversary-of-the-working-group-for-the-study-of-national-socialist-euthanasia-and-forced-sterilization\/"},"author":{"name":"Elena Schaetz","@id":"https:\/\/www.stiftung-denkmal.de\/en\/#\/schema\/person\/13cc31a9bb8e153a892a3cb93cb3f466"},"headline":"40th anniversary of the working group for the study of National Socialist \u00bbeuthanasia\u00ab and forced sterilization","datePublished":"2023-06-11T12:00:00+00:00","dateModified":"2023-07-07T12:13:31+00:00","mainEntityOfPage":{"@id":"https:\/\/www.stiftung-denkmal.de\/en\/latest-news\/40th-anniversary-of-the-working-group-for-the-study-of-national-socialist-euthanasia-and-forced-sterilization\/"},"wordCount":292,"publisher":{"@id":"https:\/\/www.stiftung-denkmal.de\/en\/#organization"},"image":{"@id":"https:\/\/www.stiftung-denkmal.de\/en\/latest-news\/40th-anniversary-of-the-working-group-for-the-study-of-national-socialist-euthanasia-and-forced-sterilization\/#primaryimage"},"thumbnailUrl":"https:\/\/www.stiftung-denkmal.de\/wp-content\/uploads\/20230609_Festakt_40Jahre_Arbeitskreis_\u00a9Stiftung_Denkmal_Foto_Marko_Priske-50.jpg","articleSection":["Latest News","Workshop report"],"inLanguage":"en-US"},{"@type":"WebPage","@id":"https:\/\/www.stiftung-denkmal.de\/en\/latest-news\/40th-anniversary-of-the-working-group-for-the-study-of-national-socialist-euthanasia-and-forced-sterilization\/","url":"https:\/\/www.stiftung-denkmal.de\/en\/latest-news\/40th-anniversary-of-the-working-group-for-the-study-of-national-socialist-euthanasia-and-forced-sterilization\/","name":"40th anniversary of the working group for the study of National Socialist \u00bbeuthanasia\u00ab and forced sterilization - Stiftung Denkmal f\u00fcr die ermordeten Juden Europas","isPartOf":{"@id":"https:\/\/www.stiftung-denkmal.de\/en\/#website"},"primaryImageOfPage":{"@id":"https:\/\/www.stiftung-denkmal.de\/en\/latest-news\/40th-anniversary-of-the-working-group-for-the-study-of-national-socialist-euthanasia-and-forced-sterilization\/#primaryimage"},"image":{"@id":"https:\/\/www.stiftung-denkmal.de\/en\/latest-news\/40th-anniversary-of-the-working-group-for-the-study-of-national-socialist-euthanasia-and-forced-sterilization\/#primaryimage"},"thumbnailUrl":"https:\/\/www.stiftung-denkmal.de\/wp-content\/uploads\/20230609_Festakt_40Jahre_Arbeitskreis_\u00a9Stiftung_Denkmal_Foto_Marko_Priske-50.jpg","datePublished":"2023-06-11T12:00:00+00:00","dateModified":"2023-07-07T12:13:31+00:00","breadcrumb":{"@id":"https:\/\/www.stiftung-denkmal.de\/en\/latest-news\/40th-anniversary-of-the-working-group-for-the-study-of-national-socialist-euthanasia-and-forced-sterilization\/#breadcrumb"},"inLanguage":"en-US","potentialAction":[{"@type":"ReadAction","target":["https:\/\/www.stiftung-denkmal.de\/en\/latest-news\/40th-anniversary-of-the-working-group-for-the-study-of-national-socialist-euthanasia-and-forced-sterilization\/"]}]},{"@type":"ImageObject","inLanguage":"en-US","@id":"https:\/\/www.stiftung-denkmal.de\/en\/latest-news\/40th-anniversary-of-the-working-group-for-the-study-of-national-socialist-euthanasia-and-forced-sterilization\/#primaryimage","url":"https:\/\/www.stiftung-denkmal.de\/wp-content\/uploads\/20230609_Festakt_40Jahre_Arbeitskreis_\u00a9Stiftung_Denkmal_Foto_Marko_Priske-50.jpg","contentUrl":"https:\/\/www.stiftung-denkmal.de\/wp-content\/uploads\/20230609_Festakt_40Jahre_Arbeitskreis_\u00a9Stiftung_Denkmal_Foto_Marko_Priske-50.jpg","width":2048,"height":1365},{"@type":"BreadcrumbList","@id":"https:\/\/www.stiftung-denkmal.de\/en\/latest-news\/40th-anniversary-of-the-working-group-for-the-study-of-national-socialist-euthanasia-and-forced-sterilization\/#breadcrumb","itemListElement":[{"@type":"ListItem","position":1,"name":"Startseite","item":"https:\/\/www.stiftung-denkmal.de\/en\/"},{"@type":"ListItem","position":2,"name":"40th anniversary of the working group for the study of National Socialist \u00bbeuthanasia\u00ab and forced sterilization"}]},{"@type":"WebSite","@id":"https:\/\/www.stiftung-denkmal.de\/en\/#website","url":"https:\/\/www.stiftung-denkmal.de\/en\/","name":"Stiftung Denkmal f\u00fcr die ermordeten Juden Europas","description":"","publisher":{"@id":"https:\/\/www.stiftung-denkmal.de\/en\/#organization"},"potentialAction":[{"@type":"SearchAction","target":{"@type":"EntryPoint","urlTemplate":"https:\/\/www.stiftung-denkmal.de\/en\/?s={search_term_string}"},"query-input":{"@type":"PropertyValueSpecification","valueRequired":true,"valueName":"search_term_string"}}],"inLanguage":"en-US"},{"@type":"Organization","@id":"https:\/\/www.stiftung-denkmal.de\/en\/#organization","name":"Stiftung Denkmal f\u00fcr die ermordeten Juden Europas","url":"https:\/\/www.stiftung-denkmal.de\/en\/","logo":{"@type":"ImageObject","inLanguage":"en-US","@id":"https:\/\/www.stiftung-denkmal.de\/en\/#\/schema\/logo\/image\/","url":"https:\/\/www.stiftung-denkmal.de\/wp-content\/uploads\/LOGOPC_small.jpg","contentUrl":"https:\/\/www.stiftung-denkmal.de\/wp-content\/uploads\/LOGOPC_small.jpg","width":128,"height":116,"caption":"Stiftung Denkmal f\u00fcr die ermordeten Juden Europas"},"image":{"@id":"https:\/\/www.stiftung-denkmal.de\/en\/#\/schema\/logo\/image\/"}},{"@type":"Person","@id":"https:\/\/www.stiftung-denkmal.de\/en\/#\/schema\/person\/13cc31a9bb8e153a892a3cb93cb3f466","name":"Elena Schaetz"}]}},"_links":{"self":[{"href":"https:\/\/www.stiftung-denkmal.de\/en\/wp-json\/wp\/v2\/posts\/62186","targetHints":{"allow":["GET"]}}],"collection":[{"href":"https:\/\/www.stiftung-denkmal.de\/en\/wp-json\/wp\/v2\/posts"}],"about":[{"href":"https:\/\/www.stiftung-denkmal.de\/en\/wp-json\/wp\/v2\/types\/post"}],"author":[{"embeddable":true,"href":"https:\/\/www.stiftung-denkmal.de\/en\/wp-json\/wp\/v2\/users\/7"}],"replies":[{"embeddable":true,"href":"https:\/\/www.stiftung-denkmal.de\/en\/wp-json\/wp\/v2\/comments?post=62186"}],"version-history":[{"count":0,"href":"https:\/\/www.stiftung-denkmal.de\/en\/wp-json\/wp\/v2\/posts\/62186\/revisions"}],"wp:featuredmedia":[{"embeddable":true,"href":"https:\/\/www.stiftung-denkmal.de\/en\/wp-json\/wp\/v2\/media\/61617"}],"wp:attachment":[{"href":"https:\/\/www.stiftung-denkmal.de\/en\/wp-json\/wp\/v2\/media?parent=62186"}],"wp:term":[{"taxonomy":"category","embeddable":true,"href":"https:\/\/www.stiftung-denkmal.de\/en\/wp-json\/wp\/v2\/categories?post=62186"},{"taxonomy":"post_tag","embeddable":true,"href":"https:\/\/www.stiftung-denkmal.de\/en\/wp-json\/wp\/v2\/tags?post=62186"}],"curies":[{"name":"wp","href":"https:\/\/api.w.org\/{rel}","templated":true}]}}