{"id":49517,"date":"2022-09-01T10:58:00","date_gmt":"2022-09-01T08:58:00","guid":{"rendered":"https:\/\/www.stiftung-denkmal.de\/uncategorized\/construction-work-affects-access-to-the-entrance-of-the-exhibition-at-the-information-centre\/"},"modified":"2022-08-11T13:38:00","modified_gmt":"2022-08-11T11:38:00","slug":"construction-work-affects-access-to-the-entrance-of-the-exhibition-at-the-information-centre","status":"publish","type":"post","link":"https:\/\/www.stiftung-denkmal.de\/en\/latest-news\/construction-work-affects-access-to-the-entrance-of-the-exhibition-at-the-information-centre\/","title":{"rendered":"Impairments on and in the field of stelae"},"content":{"rendered":"\t\t<div data-elementor-type=\"wp-post\" data-elementor-id=\"49517\" class=\"elementor elementor-49517 elementor-49507\" data-elementor-post-type=\"post\">\n\t\t\t\t\t\t<section class=\"elementor-section elementor-top-section elementor-element elementor-element-ef26c07 elementor-section-boxed elementor-section-height-default elementor-section-height-default\" data-id=\"ef26c07\" data-element_type=\"section\" data-e-type=\"section\">\n\t\t\t\t\t\t<div class=\"elementor-container elementor-column-gap-default\">\n\t\t\t\t\t<div class=\"elementor-column elementor-col-100 elementor-top-column elementor-element elementor-element-0bbe508\" data-id=\"0bbe508\" data-element_type=\"column\" data-e-type=\"column\">\n\t\t\t<div class=\"elementor-widget-wrap elementor-element-populated\">\n\t\t\t\t\t\t<div class=\"elementor-element elementor-element-11f0548 elementor-widget elementor-widget-text-editor\" data-id=\"11f0548\" data-element_type=\"widget\" data-e-type=\"widget\" data-widget_type=\"text-editor.default\">\n\t\t\t\t<div class=\"elementor-widget-container\">\n\t\t\t\t\t\t\t\t\t<p><strong>Impairments in the field<br> of stelae<\/strong> <span style=\"text-decoration: underline\">Notification of 10 August 2022<\/span><strong><br><\/strong>From the 22 August 2022 until the 23 December 2022, there will be impairments in the stele field due to renovation work of the lighting system. The field of stelae will be divided into construction phases for the planned measures. Therefore, parts of the field of stelae will be temporarily cordoned off and will not be accessible to visitors.<\/p><p><strong>Impairments at the field of <br>stelae, update from<\/strong> 10 <span style=\"text-decoration: underline\">August 2022<\/span><strong><br><\/strong>The construction work in the area of the sidewalk in Cora-Berliner Stra\u00dfe is almost completed. Access to the entrance of the exhibition in the Information Center is only minimally impaired.<\/p>\t\t\t\t\t\t\t\t<\/div>\n\t\t\t\t<\/div>\n\t\t\t\t\t<\/div>\n\t\t<\/div>\n\t\t\t\t\t<\/div>\n\t\t<\/section>\n\t\t\t\t<section class=\"elementor-section elementor-top-section elementor-element elementor-element-1fb1339 elementor-section-boxed elementor-section-height-default elementor-section-height-default\" data-id=\"1fb1339\" data-element_type=\"section\" data-e-type=\"section\">\n\t\t\t\t\t\t<div class=\"elementor-container elementor-column-gap-default\">\n\t\t\t\t\t<div class=\"elementor-column elementor-col-100 elementor-top-column elementor-element elementor-element-c67a2f5\" data-id=\"c67a2f5\" data-element_type=\"column\" data-e-type=\"column\">\n\t\t\t<div class=\"elementor-widget-wrap elementor-element-populated\">\n\t\t\t\t\t\t<div class=\"elementor-element elementor-element-0a6959c elementor-widget elementor-widget-text-editor\" data-id=\"0a6959c\" data-element_type=\"widget\" data-e-type=\"widget\" data-widget_type=\"text-editor.default\">\n\t\t\t\t<div class=\"elementor-widget-container\">\n\t\t\t\t\t\t\t\t\t<p><strong>+ + + + + + + + + +<\/strong><\/p>\t\t\t\t\t\t\t\t<\/div>\n\t\t\t\t<\/div>\n\t\t\t\t\t<\/div>\n\t\t<\/div>\n\t\t\t\t\t<\/div>\n\t\t<\/section>\n\t\t\t\t<section class=\"elementor-section elementor-top-section elementor-element elementor-element-17fac18 elementor-section-boxed elementor-section-height-default elementor-section-height-default\" data-id=\"17fac18\" data-element_type=\"section\" data-e-type=\"section\">\n\t\t\t\t\t\t<div class=\"elementor-container elementor-column-gap-default\">\n\t\t\t\t\t<div class=\"elementor-column elementor-col-100 elementor-top-column elementor-element elementor-element-8fdd4c9\" data-id=\"8fdd4c9\" data-element_type=\"column\" data-e-type=\"column\">\n\t\t\t<div class=\"elementor-widget-wrap elementor-element-populated\">\n\t\t\t\t\t\t<div class=\"elementor-element elementor-element-34f6cd6 elementor-widget elementor-widget-text-editor\" data-id=\"34f6cd6\" data-element_type=\"widget\" data-e-type=\"widget\" data-widget_type=\"text-editor.default\">\n\t\t\t\t<div class=\"elementor-widget-container\">\n\t\t\t\t\t\t\t\t\t<p><strong>Construction measures affect access to the entrance of the exhibition in the Information Center<br><\/strong> 12 <span style=\"text-decoration: underline\">December, 2021 update<\/span><br>Access to the entrance of the exhibition in the Information Center is no longer possible via the sidewalk of Cora-Berliner-Stra\u00dfe for the period from 13 December to 22 December 2021. Visitors can enter from Hannah-Arendt-Stra\u00dfe as well as from Behrenstra\u00dfe through the field of stelae to the entrance of the Information Center. Our visitor service or our security service will be happy to help you.<\/p>\t\t\t\t\t\t\t\t<\/div>\n\t\t\t\t<\/div>\n\t\t\t\t\t<\/div>\n\t\t<\/div>\n\t\t\t\t\t<\/div>\n\t\t<\/section>\n\t\t\t\t<section class=\"elementor-section elementor-top-section elementor-element elementor-element-ef6e8f4 elementor-section-boxed elementor-section-height-default elementor-section-height-default\" data-id=\"ef6e8f4\" data-element_type=\"section\" data-e-type=\"section\">\n\t\t\t\t\t\t<div class=\"elementor-container elementor-column-gap-default\">\n\t\t\t\t\t<div class=\"elementor-column elementor-col-100 elementor-top-column elementor-element elementor-element-fb3b964\" data-id=\"fb3b964\" data-element_type=\"column\" data-e-type=\"column\">\n\t\t\t<div class=\"elementor-widget-wrap elementor-element-populated\">\n\t\t\t\t\t\t<div class=\"elementor-element elementor-element-6dd4426 elementor-widget elementor-widget-text-editor\" data-id=\"6dd4426\" data-element_type=\"widget\" data-e-type=\"widget\" data-widget_type=\"text-editor.default\">\n\t\t\t\t<div class=\"elementor-widget-container\">\n\t\t\t\t\t\t\t\t\t<p><strong>Construction measures affect access to the entrance of the exhibition in the Information Center <br><\/strong> <span style=\"text-decoration: underline\">Press release from 12 October 2021<\/span><br>Due to construction work on Cora-Berliner-Stra\u00dfe, the sidewalk at the Holocaust Memorial is temporarily unusable. Footpath and road works are being carried out to rectify the slope in the Cora-Berliner-Stra\u00dfe between the new building and the stele field for the drainage of rainwater. After completion of the work, Cora-Berliner-Stra\u00dfe will be traffic-calmed, provided with wide footpaths, trees and seating.<\/p><p>The end of the restrictive construction activities is expected in February 2022. The compensation work is carried out in individual phases, so that only sections and not the entire footpath section is affected. We apologize for any inconvenience caused.<\/p>\t\t\t\t\t\t\t\t<\/div>\n\t\t\t\t<\/div>\n\t\t\t\t\t<\/div>\n\t\t<\/div>\n\t\t\t\t\t<\/div>\n\t\t<\/section>\n\t\t\t\t<\/div>\n\t\t","protected":false},"excerpt":{"rendered":"<p>We apologize for any inconvenience caused.<\/p>\n","protected":false},"author":3,"featured_media":49730,"comment_status":"closed","ping_status":"closed","sticky":false,"template":"","format":"standard","meta":{"footnotes":""},"categories":[160,159],"tags":[],"class_list":{"0":"post-49517","1":"post","2":"type-post","3":"status-publish","4":"format-standard","5":"has-post-thumbnail","7":"category-latest-news","8":"category-press-release"},"yoast_head":"<!-- This site is optimized with the Yoast SEO plugin v27.3 - https:\/\/yoast.com\/product\/yoast-seo-wordpress\/ -->\n<title>Impairments on and in the field of stelae - Stiftung Denkmal f\u00fcr die ermordeten Juden Europas<\/title>\n<meta name=\"robots\" content=\"index, follow, max-snippet:-1, max-image-preview:large, max-video-preview:-1\" \/>\n<link rel=\"canonical\" href=\"https:\/\/www.stiftung-denkmal.de\/en\/latest-news\/construction-work-affects-access-to-the-entrance-of-the-exhibition-at-the-information-centre\/\" \/>\n<meta property=\"og:locale\" content=\"en_US\" \/>\n<meta property=\"og:type\" content=\"article\" \/>\n<meta property=\"og:title\" content=\"Impairments on and in the field of stelae - Stiftung Denkmal f\u00fcr die ermordeten Juden Europas\" \/>\n<meta property=\"og:description\" content=\"We apologize for any inconvenience caused.\" \/>\n<meta property=\"og:url\" content=\"https:\/\/www.stiftung-denkmal.de\/en\/latest-news\/construction-work-affects-access-to-the-entrance-of-the-exhibition-at-the-information-centre\/\" \/>\n<meta property=\"og:site_name\" content=\"Stiftung Denkmal f\u00fcr die ermordeten Juden Europas\" \/>\n<meta property=\"article:published_time\" content=\"2022-09-01T08:58:00+00:00\" \/>\n<meta property=\"og:image\" content=\"https:\/\/www.stiftung-denkmal.de\/wp-content\/uploads\/kjhk.jpg\" \/>\n\t<meta property=\"og:image:width\" content=\"2048\" \/>\n\t<meta property=\"og:image:height\" content=\"1536\" \/>\n\t<meta property=\"og:image:type\" content=\"image\/jpeg\" \/>\n<meta name=\"author\" content=\"Felizitas Bborzym\" \/>\n<meta name=\"twitter:card\" content=\"summary_large_image\" \/>\n<meta name=\"twitter:label1\" content=\"Written by\" \/>\n\t<meta name=\"twitter:data1\" content=\"Felizitas Bborzym\" \/>\n\t<meta name=\"twitter:label2\" content=\"Est. reading time\" \/>\n\t<meta name=\"twitter:data2\" content=\"2 minutes\" \/>\n<script type=\"application\/ld+json\" class=\"yoast-schema-graph\">{\"@context\":\"https:\\\/\\\/schema.org\",\"@graph\":[{\"@type\":\"Article\",\"@id\":\"https:\\\/\\\/www.stiftung-denkmal.de\\\/en\\\/latest-news\\\/construction-work-affects-access-to-the-entrance-of-the-exhibition-at-the-information-centre\\\/#article\",\"isPartOf\":{\"@id\":\"https:\\\/\\\/www.stiftung-denkmal.de\\\/en\\\/latest-news\\\/construction-work-affects-access-to-the-entrance-of-the-exhibition-at-the-information-centre\\\/\"},\"author\":{\"name\":\"Felizitas Bborzym\",\"@id\":\"https:\\\/\\\/www.stiftung-denkmal.de\\\/en\\\/#\\\/schema\\\/person\\\/b56092e16835e179fdcf546b506f536e\"},\"headline\":\"Impairments on and in the field of stelae\",\"datePublished\":\"2022-09-01T08:58:00+00:00\",\"mainEntityOfPage\":{\"@id\":\"https:\\\/\\\/www.stiftung-denkmal.de\\\/en\\\/latest-news\\\/construction-work-affects-access-to-the-entrance-of-the-exhibition-at-the-information-centre\\\/\"},\"wordCount\":310,\"publisher\":{\"@id\":\"https:\\\/\\\/www.stiftung-denkmal.de\\\/en\\\/#organization\"},\"image\":{\"@id\":\"https:\\\/\\\/www.stiftung-denkmal.de\\\/en\\\/latest-news\\\/construction-work-affects-access-to-the-entrance-of-the-exhibition-at-the-information-centre\\\/#primaryimage\"},\"thumbnailUrl\":\"https:\\\/\\\/www.stiftung-denkmal.de\\\/wp-content\\\/uploads\\\/kjhk.jpg\",\"articleSection\":[\"Latest News\",\"Press Release\"],\"inLanguage\":\"en-US\"},{\"@type\":\"WebPage\",\"@id\":\"https:\\\/\\\/www.stiftung-denkmal.de\\\/en\\\/latest-news\\\/construction-work-affects-access-to-the-entrance-of-the-exhibition-at-the-information-centre\\\/\",\"url\":\"https:\\\/\\\/www.stiftung-denkmal.de\\\/en\\\/latest-news\\\/construction-work-affects-access-to-the-entrance-of-the-exhibition-at-the-information-centre\\\/\",\"name\":\"Impairments on and in the field of stelae - Stiftung Denkmal f\u00fcr die ermordeten Juden Europas\",\"isPartOf\":{\"@id\":\"https:\\\/\\\/www.stiftung-denkmal.de\\\/en\\\/#website\"},\"primaryImageOfPage\":{\"@id\":\"https:\\\/\\\/www.stiftung-denkmal.de\\\/en\\\/latest-news\\\/construction-work-affects-access-to-the-entrance-of-the-exhibition-at-the-information-centre\\\/#primaryimage\"},\"image\":{\"@id\":\"https:\\\/\\\/www.stiftung-denkmal.de\\\/en\\\/latest-news\\\/construction-work-affects-access-to-the-entrance-of-the-exhibition-at-the-information-centre\\\/#primaryimage\"},\"thumbnailUrl\":\"https:\\\/\\\/www.stiftung-denkmal.de\\\/wp-content\\\/uploads\\\/kjhk.jpg\",\"datePublished\":\"2022-09-01T08:58:00+00:00\",\"breadcrumb\":{\"@id\":\"https:\\\/\\\/www.stiftung-denkmal.de\\\/en\\\/latest-news\\\/construction-work-affects-access-to-the-entrance-of-the-exhibition-at-the-information-centre\\\/#breadcrumb\"},\"inLanguage\":\"en-US\",\"potentialAction\":[{\"@type\":\"ReadAction\",\"target\":[\"https:\\\/\\\/www.stiftung-denkmal.de\\\/en\\\/latest-news\\\/construction-work-affects-access-to-the-entrance-of-the-exhibition-at-the-information-centre\\\/\"]}]},{\"@type\":\"ImageObject\",\"inLanguage\":\"en-US\",\"@id\":\"https:\\\/\\\/www.stiftung-denkmal.de\\\/en\\\/latest-news\\\/construction-work-affects-access-to-the-entrance-of-the-exhibition-at-the-information-centre\\\/#primaryimage\",\"url\":\"https:\\\/\\\/www.stiftung-denkmal.de\\\/wp-content\\\/uploads\\\/kjhk.jpg\",\"contentUrl\":\"https:\\\/\\\/www.stiftung-denkmal.de\\\/wp-content\\\/uploads\\\/kjhk.jpg\",\"width\":2048,\"height\":1536,\"caption\":\"kjhk\"},{\"@type\":\"BreadcrumbList\",\"@id\":\"https:\\\/\\\/www.stiftung-denkmal.de\\\/en\\\/latest-news\\\/construction-work-affects-access-to-the-entrance-of-the-exhibition-at-the-information-centre\\\/#breadcrumb\",\"itemListElement\":[{\"@type\":\"ListItem\",\"position\":1,\"name\":\"Startseite\",\"item\":\"https:\\\/\\\/www.stiftung-denkmal.de\\\/en\\\/\"},{\"@type\":\"ListItem\",\"position\":2,\"name\":\"Impairments on and in the field of stelae\"}]},{\"@type\":\"WebSite\",\"@id\":\"https:\\\/\\\/www.stiftung-denkmal.de\\\/en\\\/#website\",\"url\":\"https:\\\/\\\/www.stiftung-denkmal.de\\\/en\\\/\",\"name\":\"Stiftung Denkmal f\u00fcr die ermordeten Juden Europas\",\"description\":\"\",\"publisher\":{\"@id\":\"https:\\\/\\\/www.stiftung-denkmal.de\\\/en\\\/#organization\"},\"potentialAction\":[{\"@type\":\"SearchAction\",\"target\":{\"@type\":\"EntryPoint\",\"urlTemplate\":\"https:\\\/\\\/www.stiftung-denkmal.de\\\/en\\\/?s={search_term_string}\"},\"query-input\":{\"@type\":\"PropertyValueSpecification\",\"valueRequired\":true,\"valueName\":\"search_term_string\"}}],\"inLanguage\":\"en-US\"},{\"@type\":\"Organization\",\"@id\":\"https:\\\/\\\/www.stiftung-denkmal.de\\\/en\\\/#organization\",\"name\":\"Stiftung Denkmal f\u00fcr die ermordeten Juden Europas\",\"url\":\"https:\\\/\\\/www.stiftung-denkmal.de\\\/en\\\/\",\"logo\":{\"@type\":\"ImageObject\",\"inLanguage\":\"en-US\",\"@id\":\"https:\\\/\\\/www.stiftung-denkmal.de\\\/en\\\/#\\\/schema\\\/logo\\\/image\\\/\",\"url\":\"https:\\\/\\\/www.stiftung-denkmal.de\\\/wp-content\\\/uploads\\\/LOGOPC_small.jpg\",\"contentUrl\":\"https:\\\/\\\/www.stiftung-denkmal.de\\\/wp-content\\\/uploads\\\/LOGOPC_small.jpg\",\"width\":128,\"height\":116,\"caption\":\"Stiftung Denkmal f\u00fcr die ermordeten Juden Europas\"},\"image\":{\"@id\":\"https:\\\/\\\/www.stiftung-denkmal.de\\\/en\\\/#\\\/schema\\\/logo\\\/image\\\/\"}},{\"@type\":\"Person\",\"@id\":\"https:\\\/\\\/www.stiftung-denkmal.de\\\/en\\\/#\\\/schema\\\/person\\\/b56092e16835e179fdcf546b506f536e\",\"name\":\"Felizitas Bborzym\"}]}<\/script>\n<!-- \/ Yoast SEO plugin. -->","yoast_head_json":{"title":"Impairments on and in the field of stelae - Stiftung Denkmal f\u00fcr die ermordeten Juden Europas","robots":{"index":"index","follow":"follow","max-snippet":"max-snippet:-1","max-image-preview":"max-image-preview:large","max-video-preview":"max-video-preview:-1"},"canonical":"https:\/\/www.stiftung-denkmal.de\/en\/latest-news\/construction-work-affects-access-to-the-entrance-of-the-exhibition-at-the-information-centre\/","og_locale":"en_US","og_type":"article","og_title":"Impairments on and in the field of stelae - Stiftung Denkmal f\u00fcr die ermordeten Juden Europas","og_description":"We apologize for any inconvenience caused.","og_url":"https:\/\/www.stiftung-denkmal.de\/en\/latest-news\/construction-work-affects-access-to-the-entrance-of-the-exhibition-at-the-information-centre\/","og_site_name":"Stiftung Denkmal f\u00fcr die ermordeten Juden Europas","article_published_time":"2022-09-01T08:58:00+00:00","og_image":[{"width":2048,"height":1536,"url":"https:\/\/www.stiftung-denkmal.de\/wp-content\/uploads\/kjhk.jpg","type":"image\/jpeg"}],"author":"Felizitas Bborzym","twitter_card":"summary_large_image","twitter_misc":{"Written by":"Felizitas Bborzym","Est. reading time":"2 minutes"},"schema":{"@context":"https:\/\/schema.org","@graph":[{"@type":"Article","@id":"https:\/\/www.stiftung-denkmal.de\/en\/latest-news\/construction-work-affects-access-to-the-entrance-of-the-exhibition-at-the-information-centre\/#article","isPartOf":{"@id":"https:\/\/www.stiftung-denkmal.de\/en\/latest-news\/construction-work-affects-access-to-the-entrance-of-the-exhibition-at-the-information-centre\/"},"author":{"name":"Felizitas Bborzym","@id":"https:\/\/www.stiftung-denkmal.de\/en\/#\/schema\/person\/b56092e16835e179fdcf546b506f536e"},"headline":"Impairments on and in the field of stelae","datePublished":"2022-09-01T08:58:00+00:00","mainEntityOfPage":{"@id":"https:\/\/www.stiftung-denkmal.de\/en\/latest-news\/construction-work-affects-access-to-the-entrance-of-the-exhibition-at-the-information-centre\/"},"wordCount":310,"publisher":{"@id":"https:\/\/www.stiftung-denkmal.de\/en\/#organization"},"image":{"@id":"https:\/\/www.stiftung-denkmal.de\/en\/latest-news\/construction-work-affects-access-to-the-entrance-of-the-exhibition-at-the-information-centre\/#primaryimage"},"thumbnailUrl":"https:\/\/www.stiftung-denkmal.de\/wp-content\/uploads\/kjhk.jpg","articleSection":["Latest News","Press Release"],"inLanguage":"en-US"},{"@type":"WebPage","@id":"https:\/\/www.stiftung-denkmal.de\/en\/latest-news\/construction-work-affects-access-to-the-entrance-of-the-exhibition-at-the-information-centre\/","url":"https:\/\/www.stiftung-denkmal.de\/en\/latest-news\/construction-work-affects-access-to-the-entrance-of-the-exhibition-at-the-information-centre\/","name":"Impairments on and in the field of stelae - Stiftung Denkmal f\u00fcr die ermordeten Juden Europas","isPartOf":{"@id":"https:\/\/www.stiftung-denkmal.de\/en\/#website"},"primaryImageOfPage":{"@id":"https:\/\/www.stiftung-denkmal.de\/en\/latest-news\/construction-work-affects-access-to-the-entrance-of-the-exhibition-at-the-information-centre\/#primaryimage"},"image":{"@id":"https:\/\/www.stiftung-denkmal.de\/en\/latest-news\/construction-work-affects-access-to-the-entrance-of-the-exhibition-at-the-information-centre\/#primaryimage"},"thumbnailUrl":"https:\/\/www.stiftung-denkmal.de\/wp-content\/uploads\/kjhk.jpg","datePublished":"2022-09-01T08:58:00+00:00","breadcrumb":{"@id":"https:\/\/www.stiftung-denkmal.de\/en\/latest-news\/construction-work-affects-access-to-the-entrance-of-the-exhibition-at-the-information-centre\/#breadcrumb"},"inLanguage":"en-US","potentialAction":[{"@type":"ReadAction","target":["https:\/\/www.stiftung-denkmal.de\/en\/latest-news\/construction-work-affects-access-to-the-entrance-of-the-exhibition-at-the-information-centre\/"]}]},{"@type":"ImageObject","inLanguage":"en-US","@id":"https:\/\/www.stiftung-denkmal.de\/en\/latest-news\/construction-work-affects-access-to-the-entrance-of-the-exhibition-at-the-information-centre\/#primaryimage","url":"https:\/\/www.stiftung-denkmal.de\/wp-content\/uploads\/kjhk.jpg","contentUrl":"https:\/\/www.stiftung-denkmal.de\/wp-content\/uploads\/kjhk.jpg","width":2048,"height":1536,"caption":"kjhk"},{"@type":"BreadcrumbList","@id":"https:\/\/www.stiftung-denkmal.de\/en\/latest-news\/construction-work-affects-access-to-the-entrance-of-the-exhibition-at-the-information-centre\/#breadcrumb","itemListElement":[{"@type":"ListItem","position":1,"name":"Startseite","item":"https:\/\/www.stiftung-denkmal.de\/en\/"},{"@type":"ListItem","position":2,"name":"Impairments on and in the field of stelae"}]},{"@type":"WebSite","@id":"https:\/\/www.stiftung-denkmal.de\/en\/#website","url":"https:\/\/www.stiftung-denkmal.de\/en\/","name":"Stiftung Denkmal f\u00fcr die ermordeten Juden Europas","description":"","publisher":{"@id":"https:\/\/www.stiftung-denkmal.de\/en\/#organization"},"potentialAction":[{"@type":"SearchAction","target":{"@type":"EntryPoint","urlTemplate":"https:\/\/www.stiftung-denkmal.de\/en\/?s={search_term_string}"},"query-input":{"@type":"PropertyValueSpecification","valueRequired":true,"valueName":"search_term_string"}}],"inLanguage":"en-US"},{"@type":"Organization","@id":"https:\/\/www.stiftung-denkmal.de\/en\/#organization","name":"Stiftung Denkmal f\u00fcr die ermordeten Juden Europas","url":"https:\/\/www.stiftung-denkmal.de\/en\/","logo":{"@type":"ImageObject","inLanguage":"en-US","@id":"https:\/\/www.stiftung-denkmal.de\/en\/#\/schema\/logo\/image\/","url":"https:\/\/www.stiftung-denkmal.de\/wp-content\/uploads\/LOGOPC_small.jpg","contentUrl":"https:\/\/www.stiftung-denkmal.de\/wp-content\/uploads\/LOGOPC_small.jpg","width":128,"height":116,"caption":"Stiftung Denkmal f\u00fcr die ermordeten Juden Europas"},"image":{"@id":"https:\/\/www.stiftung-denkmal.de\/en\/#\/schema\/logo\/image\/"}},{"@type":"Person","@id":"https:\/\/www.stiftung-denkmal.de\/en\/#\/schema\/person\/b56092e16835e179fdcf546b506f536e","name":"Felizitas Bborzym"}]}},"_links":{"self":[{"href":"https:\/\/www.stiftung-denkmal.de\/en\/wp-json\/wp\/v2\/posts\/49517","targetHints":{"allow":["GET"]}}],"collection":[{"href":"https:\/\/www.stiftung-denkmal.de\/en\/wp-json\/wp\/v2\/posts"}],"about":[{"href":"https:\/\/www.stiftung-denkmal.de\/en\/wp-json\/wp\/v2\/types\/post"}],"author":[{"embeddable":true,"href":"https:\/\/www.stiftung-denkmal.de\/en\/wp-json\/wp\/v2\/users\/3"}],"replies":[{"embeddable":true,"href":"https:\/\/www.stiftung-denkmal.de\/en\/wp-json\/wp\/v2\/comments?post=49517"}],"version-history":[{"count":0,"href":"https:\/\/www.stiftung-denkmal.de\/en\/wp-json\/wp\/v2\/posts\/49517\/revisions"}],"wp:featuredmedia":[{"embeddable":true,"href":"https:\/\/www.stiftung-denkmal.de\/en\/wp-json\/wp\/v2\/media\/49730"}],"wp:attachment":[{"href":"https:\/\/www.stiftung-denkmal.de\/en\/wp-json\/wp\/v2\/media?parent=49517"}],"wp:term":[{"taxonomy":"category","embeddable":true,"href":"https:\/\/www.stiftung-denkmal.de\/en\/wp-json\/wp\/v2\/categories?post=49517"},{"taxonomy":"post_tag","embeddable":true,"href":"https:\/\/www.stiftung-denkmal.de\/en\/wp-json\/wp\/v2\/tags?post=49517"}],"curies":[{"name":"wp","href":"https:\/\/api.w.org\/{rel}","templated":true}]}}